{"id":14016,"date":"2022-09-28T19:58:18","date_gmt":"2022-09-28T17:58:18","guid":{"rendered":"http:\/\/consol.ergatesweb3.net\/?p=14016"},"modified":"2024-04-30T12:59:54","modified_gmt":"2024-04-30T10:59:54","slug":"7-claves-para-transmitir-una-imagen-de-exito-en-una-entrevista-de-trabajo","status":"publish","type":"post","link":"https:\/\/consolvilar.com\/ca\/7-claves-para-transmitir-una-imagen-de-exito-en-una-entrevista-de-trabajo\/","title":{"rendered":"7 claus per a transmetre una imatge d&#8217;\u00e8xit en una entrevista de feina"},"content":{"rendered":"<p>El Curriculum vitae \u00e9s clau en una entrevista de treball, les xarxes socials, el seu aliat i<strong> la teva imatge personal l&#8217;eina per a connectar amb tu i els reclutadors<\/strong>. Per aix\u00f2 \u00e9s important tenir en compte les seg\u00fcents pautes, per a <strong>transmetre una imatge d&#8217;\u00e8xit en una entrevista de feina.<\/strong><\/p>\n<p>Et comptem a continuaci\u00f3 <strong>com projectar qui ets i quines s\u00f3n les teves millors habilitats i compet\u00e8ncies<\/strong> per a conv\u00e8ncer <strong>que la teva candidatura \u00e9s la millor per a la vacant de treball<\/strong>\u00a0per la qual est\u00e0s aplicant. Pren nota!<\/p>\n<p><a href=\"http:\/\/consol.ergatesweb3.net\/wp-content\/uploads\/2022\/09\/7-claves-para-transmitir-una-imagen-de-e\u0301xito-en-una-entrevista-de-trabajo--scaled.jpg\"><img loading=\"lazy\" decoding=\"async\" class=\"aligncenter wp-image-13996\" src=\"https:\/\/consolvilar.com\/wp-content\/uploads\/2024\/04\/7-claves-para-transmitir-una-imagen-de-exito-en-una-entrevista-de-trabajo-1030x687.jpg\" alt=\"Entrevista de trabajo\" width=\"999\" height=\"666\" \/><\/a><\/p>\n<h2>7 claus pera dominar i tenr \u00e8xit en una entrevista de feina<\/h2>\n<ul>\n<li><strong>Coneix el teu CV<\/strong>: parla amb confian\u00e7a i seguretat dels teus assoliments, traject\u00f2ria professional, per qu\u00e8 ets el millor candidat, etc. I <strong>evita defensar el teu cv de manera gen\u00e8rica<\/strong>, no et centris en el m\u00e9s b\u00e0sic, tracta de <strong>potenciar les teves millors qualitats.<\/strong><\/li>\n<\/ul>\n<ul>\n<li><strong>C<\/strong><strong>ontrola les teves xarxes socials:<\/strong> Facebook, Instagram,\u00a0TikTok<span class=\"hiddenGrammarError\" style=\"padding-bottom: 2px; background-image: url('..\/..\/..\/..\/..\/images\/squiggle.png'); background-repeat: repeat-x; background-position: left bottom; cursor: default; color: #000000; font-family: 'Open Sans', Helvetica, Arial, sans-serif; font-size: 16px; font-style: normal; font-variant-ligatures: normal; font-variant-caps: normal; font-weight: 300; letter-spacing: normal; orphans: 2; text-align: start; text-indent: 0px; text-transform: none; white-space: normal; widows: 2; word-spacing: 0px; -webkit-text-stroke-width: 0px; text-decoration-thickness: initial; text-decoration-style: initial; text-decoration-color: initial;\">,&#8230;<\/span>\u00a0formen part del nostre dia a dia, per\u00f2 tamb\u00e9 dels reclutadors i \u00e9s una font m\u00e9s al seu abast per a con\u00e8ixer-te fins i tot <strong>abans d&#8217;entrevistar-te,<\/strong> valorant fotos publicades, opinions, etc. Parlar de manera despectiva dels teus superiors o companys, escriure amb faltes d&#8217;ortografia, publicar comentaris radicals de temes com a racisme, religi\u00f3, etc. faran que siguis f\u00e0cilment descartable per al lloc de treball, per\u00f2 es tracta nom\u00e9s de ser coherent, al cap i a la\u00a0fi,\u00a0aquestes s\u00f3n coses que s&#8217;han d&#8217;evitar sempre, no sols quan vulguis tenir \u00e8xit en una entrevista de treball.<\/li>\n<\/ul>\n<p><a href=\"http:\/\/consol.ergatesweb3.net\/wp-content\/uploads\/2022\/09\/7-claves-para-transmitir-una-imagen-de-e\u0301xito-en-una-entrevista-de-trabajo-2-scaled.jpg\"><img loading=\"lazy\" decoding=\"async\" class=\"aligncenter wp-image-14004 size-large\" src=\"https:\/\/consolvilar.com\/wp-content\/uploads\/2024\/04\/7-claves-para-transmitir-una-imagen-de-exito-en-una-entrevista-de-trabajo-2-1030x687.jpg\" alt=\"Entrevista de trabajo\" width=\"1030\" height=\"687\" \/><\/a><\/p>\n<ul>\n<li><strong>Reflecteix la teva personalitat amb el teu estil<\/strong>: el\u00a0<span class=\"hiddenSpellError\">look<\/span>\/<span class=\"hiddenGreenError\" style=\"padding-bottom: 2px; background-image: url('..\/..\/..\/..\/..\/images\/squiggle_green.png'); background-repeat: repeat-x; background-position: left bottom; cursor: default; color: #000000; font-family: 'Open Sans', Helvetica, Arial, sans-serif; font-size: 16px; font-style: normal; font-variant-ligatures: normal; font-variant-caps: normal; font-weight: 300; letter-spacing: normal; orphans: 2; text-align: start; text-indent: 0px; text-transform: none; white-space: normal; widows: 2; word-spacing: 0px; -webkit-text-stroke-width: 0px; text-decoration-thickness: initial; text-decoration-style: initial; text-decoration-color: initial;\">outfit<\/span>\u00a0forma part de la teva carta de presentaci\u00f3 i <strong>ha de reflectir qui ets, a m\u00e9s d&#8217;ajudar-te a transmetre les qualitats id\u00f2nies<\/strong> a la vacant. Sembla complex, per\u00f2 \u00e9s molt simple, la clau est\u00e0 en el fet que sigui conforme a tu, el lloc a cobrir i l&#8217;empresa. \u00c9s a dir, vestir b\u00e9 en una entrevista de treball no vol dir portar un vestit o americana, cal tenir en compte l&#8217;activitat professional, el c\u00e0rrec a cobrir i estil d&#8217;empresa. A m\u00e9s, <strong>quan parlem de\u00a0<span class=\"hiddenSpellError\">look<\/span>, cal veure-ho de manera global,<\/strong> no sols \u00e9s la <a href=\"http:\/\/consol.ergatesweb3.net\/ca\/indumentaria-comunicacion-no-verbal\/\">indument\u00e0ria<\/a>, sin\u00f3 tamb\u00e9 els complements i sabates, pentinat i maquillatge, higiene, etc. Un consell m\u00e9s: evita estrenar roba i sobretot sabates, preferible roba que ja formi part del teu armari i t&#8217;aporti confian\u00e7a i comoditat.<\/li>\n<\/ul>\n<p><a href=\"http:\/\/consol.ergatesweb3.net\/wp-content\/uploads\/2022\/09\/Entrevista-1-scaled.jpg\"><img loading=\"lazy\" decoding=\"async\" class=\"aligncenter wp-image-14006 size-large\" src=\"https:\/\/consolvilar.com\/wp-content\/uploads\/2024\/04\/Entrevista-1-1030x687.jpg\" alt=\"Entrevista de trabajo\" width=\"1030\" height=\"687\" \/><\/a><\/p>\n<ul class=\"ol1\">\n<li class=\"li1\"><b>G<\/b><strong>estiona la teva comunicaci\u00f3 no verbal<\/strong>: tracta sempre de projectar confian\u00e7a i obertura amb l&#8217;una <strong>postura corporal<\/strong> recta i en avan\u00e7, que no sembli rob\u00f2tica. La <strong>Gesti\u00f3 facial<\/strong> pot ser el teu delator de donar una opini\u00f3 inconscientment, coneix si dones molta informaci\u00f3 o res, troba un punt neutre per a obtenir millor \u00e8xit en una entrevista de treball. Cuida tamb\u00e9 la teva <strong>gestualitat,<\/strong> que siguin moviments ferms i oberts i si gesticules molt controla els moviments i la seva expansi\u00f3. Altres factors importants s\u00f3n el<strong> contacte visual<\/strong>, imprescindible sigui un o tres interlocutors, <strong>el somriure<\/strong> el teu major c\u00f2mplice<span class=\"hiddenGrammarError\">! i<\/span>\u00a0la<strong> veu<\/strong>, controlant la modulaci\u00f3, el to, la velocitat, etc.<\/li>\n<\/ul>\n<p><a href=\"http:\/\/consol.ergatesweb3.net\/wp-content\/uploads\/2022\/09\/linkedin-sales-solutions-W3Jl3jREpDY-unsplash-scaled.jpg\"><img loading=\"lazy\" decoding=\"async\" class=\"aligncenter wp-image-14008 size-large\" src=\"https:\/\/consolvilar.com\/wp-content\/uploads\/2024\/04\/linkedin-sales-solutions-W3Jl3jREpDY-unsplash-1030x687.jpg\" alt=\"Entrevista de trabajo\" width=\"1030\" height=\"687\" \/><\/a><\/p>\n<ul class=\"ol1\">\n<li class=\"li1\"><strong>Lidera la teva comunicaci\u00f3<\/strong>: qu\u00e8 dius i com ho dius \u00e9s molt important per a obtenir \u00e8xit en una entrevista de treball. Captiva i empatitza amb el teu missatge clar, prec\u00eds i conc\u00eds davant qualsevol pregunta. I quan diem conc\u00eds no vols dir contestar amb monos\u00edl\u00b7labs.<\/li>\n<\/ul>\n<ul>\n<li><strong>La influ\u00e8ncia de la puntualitat i salutaci\u00f3<\/strong>: la puntualitat \u00e9s essencial, arribar amb temps t&#8217;aportar\u00e0 tranquil\u00b7litat, a m\u00e9s d&#8217;una imatge de respecte de l&#8217;oportunitat i temps dels teus interlocutors i de l&#8217;empresa. Saluda amb una encaixada de mans ferma, a poc a poc ja est\u00e0 reapareixent, mantingues una dist\u00e0ncia prudent, arran de la Covid la dist\u00e0ncia social era imprescindible i molts reclutadors t&#8217;ho agrairan.<\/li>\n<\/ul>\n<ul class=\"ol1\">\n<li class=\"li1\"><strong>Actitud:<\/strong> la teva ess\u00e8ncia \u00e9s el punt diferencial per a<strong> projectar la teva millor versi\u00f3<\/strong> a cada moment de l&#8217;entrevista.<\/li>\n<\/ul>\n<p class=\"p6\">En\u00a0una entrevista de feina, <strong>la imatge personal ha de ser coherent a la <span class=\"hiddenGrammarError\" style=\"padding-bottom: 2px; background-image: url('..\/..\/..\/..\/..\/images\/squiggle.png'); background-repeat: repeat-x; background-position: left bottom; cursor: default; color: #000000; font-family: 'Open Sans', Helvetica, Arial, sans-serif; font-size: 16px; font-style: normal; font-variant-ligatures: normal; font-variant-caps: normal; letter-spacing: normal; orphans: 2; text-align: start; text-indent: 0px; text-transform: none; white-space: normal; widows: 2; word-spacing: 0px; -webkit-text-stroke-width: 0px; text-decoration-thickness: initial; text-decoration-style: initial; text-decoration-color: initial;\">pr\u00f2pia<\/span>\u00a0personalitat i adaptar-la amb confian\u00e7a, flexibilitat i credibilitat<\/strong> segons objectius i necessitats professionals i empresarials.<\/p>\n<blockquote>\n<p class=\"p6\">No existeix una segona oportunitat per a causar una bona impressi\u00f3.<\/p>\n<\/blockquote>\n<p class=\"p6\"><strong>Oferir la millor<\/strong> <a href=\"http:\/\/consol.ergatesweb3.net\/ca\/imagen-carta-presentacion\/\">imatge personal<\/a>, <strong>clau per a aconseguir una carta de presentaci\u00f3 professional d&#8217;\u00e8xit i triomfar en l&#8217;entrevista de treball.<\/strong><\/p>\n<h2>Tamb\u00e9 et pot interessar\u2026<\/h2>\n<ul>\n<li class=\"post-title entry-title \"><a href=\"http:\/\/consol.ergatesweb3.net\/ca\/imagen-personal-exito-profesional\/\">Com fer la teva Imatge personal una eina d&#8217;\u00e8xit professional<\/a><\/li>\n<li><a href=\"http:\/\/consol.ergatesweb3.net\/ca\/impacto-la-imagen-profesional\/\">L&#8217;impacte de la imatge professional<\/a><\/li>\n<li><a href=\"http:\/\/consol.ergatesweb3.net\/ca\/pautes-per-a-potenciar-la-teva-imatge-en-entrevistes-de-treball-per-videoconferencia\/\">Pautes per a potenciar la teva Imatge en entrevistes de treball per videoconfer\u00e8ncies<\/a><\/li>\n<\/ul>\n","protected":false},"excerpt":{"rendered":"<p>El Curriculum vitae \u00e9s clau en una entrevista de treball, les xarxes socials, el seu aliat i la teva imatge personal l&#8217;eina per a connectar amb tu i els reclutadors. Per aix\u00f2 \u00e9s important tenir en compte les seg\u00fcents pautes, per a transmetre una imatge d&#8217;\u00e8xit en una entrevista de feina. Et comptem a continuaci\u00f3 [&hellip;]<\/p>\n","protected":false},"author":3,"featured_media":13996,"comment_status":"closed","ping_status":"open","sticky":false,"template":"","format":"standard","meta":{"footnotes":""},"categories":[1,1555],"tags":[1760,1761,1762,2023,2004,2016,1665,2006,1715,2008],"class_list":["post-14016","post","type-post","status-publish","format-standard","has-post-thumbnail","hentry","category-general","category-imatge-personal-professional","tag-entrevistadefeina","tag-entrevistadetrabajo-ca","tag-gestionalatevaimatge","tag-gestionatuimagen-ca-2","tag-imagenpersonal-ca-2","tag-imagenprofesional-ca-2","tag-imatgepersonal","tag-imatgeprofessional","tag-lideralatevaimatge","tag-lideratuimagen-ca-2"],"yoast_head":"<!-- This site is optimized with the Yoast SEO plugin v27.5 - https:\/\/yoast.com\/product\/yoast-seo-wordpress\/ -->\n<title>7 claus per a transmetre una imatge d&#039;\u00e8xit en una entrevista de feina - Consol Vilar<\/title>\n<meta name=\"description\" content=\"7 claus per a transmetre una imatge d&#039;\u00e8xit en una entrevista de treball per a projectar la teva personalitat, habilitats i compet\u00e8ncies.\" \/>\n<meta name=\"robots\" content=\"index, follow, max-snippet:-1, max-image-preview:large, max-video-preview:-1\" \/>\n<link rel=\"canonical\" href=\"https:\/\/consolvilar.com\/ca\/7-claves-para-transmitir-una-imagen-de-exito-en-una-entrevista-de-trabajo\/\" \/>\n<meta property=\"og:locale\" content=\"ca_ES\" \/>\n<meta property=\"og:type\" content=\"article\" \/>\n<meta property=\"og:title\" content=\"7 claus per a transmetre una imatge d&#039;\u00e8xit en una entrevista de feina - Consol Vilar\" \/>\n<meta property=\"og:description\" content=\"7 claus per a transmetre una imatge d&#039;\u00e8xit en una entrevista de treball per a projectar la teva personalitat, habilitats i compet\u00e8ncies.\" \/>\n<meta property=\"og:url\" content=\"https:\/\/consolvilar.com\/ca\/7-claves-para-transmitir-una-imagen-de-exito-en-una-entrevista-de-trabajo\/\" \/>\n<meta property=\"og:site_name\" content=\"Consol Vilar\" \/>\n<meta property=\"article:published_time\" content=\"2022-09-28T17:58:18+00:00\" \/>\n<meta property=\"article:modified_time\" content=\"2024-04-30T10:59:54+00:00\" \/>\n<meta property=\"og:image\" content=\"https:\/\/consolvilar.com\/wp-content\/uploads\/2022\/09\/7-claves-para-transmitir-una-imagen-de-exito-en-una-entrevista-de-trabajo-scaled-1.jpg\" \/>\n\t<meta property=\"og:image:width\" content=\"2560\" \/>\n\t<meta property=\"og:image:height\" content=\"1707\" \/>\n\t<meta property=\"og:image:type\" content=\"image\/jpeg\" \/>\n<meta name=\"author\" content=\"Ergates Tecnologia SL\" \/>\n<meta name=\"twitter:card\" content=\"summary_large_image\" \/>\n<meta name=\"twitter:label1\" content=\"Escrit per\" \/>\n\t<meta name=\"twitter:data1\" content=\"Ergates Tecnologia SL\" \/>\n\t<meta name=\"twitter:label2\" content=\"Temps estimat de lectura\" \/>\n\t<meta name=\"twitter:data2\" content=\"5 minuts\" \/>\n<script type=\"application\/ld+json\" class=\"yoast-schema-graph\">{\"@context\":\"https:\\\/\\\/schema.org\",\"@graph\":[{\"@type\":\"Article\",\"@id\":\"https:\\\/\\\/consolvilar.com\\\/ca\\\/7-claves-para-transmitir-una-imagen-de-exito-en-una-entrevista-de-trabajo\\\/#article\",\"isPartOf\":{\"@id\":\"https:\\\/\\\/consolvilar.com\\\/ca\\\/7-claves-para-transmitir-una-imagen-de-exito-en-una-entrevista-de-trabajo\\\/\"},\"author\":{\"name\":\"Ergates Tecnologia SL\",\"@id\":\"https:\\\/\\\/consolvilar.com\\\/ca\\\/#\\\/schema\\\/person\\\/4cceb056bd830c1609de48e671ef6b3f\"},\"headline\":\"7 claus per a transmetre una imatge d&#8217;\u00e8xit en una entrevista de feina\",\"datePublished\":\"2022-09-28T17:58:18+00:00\",\"dateModified\":\"2024-04-30T10:59:54+00:00\",\"mainEntityOfPage\":{\"@id\":\"https:\\\/\\\/consolvilar.com\\\/ca\\\/7-claves-para-transmitir-una-imagen-de-exito-en-una-entrevista-de-trabajo\\\/\"},\"wordCount\":802,\"image\":{\"@id\":\"https:\\\/\\\/consolvilar.com\\\/ca\\\/7-claves-para-transmitir-una-imagen-de-exito-en-una-entrevista-de-trabajo\\\/#primaryimage\"},\"thumbnailUrl\":\"https:\\\/\\\/consolvilar.com\\\/wp-content\\\/uploads\\\/2022\\\/09\\\/7-claves-para-transmitir-una-imagen-de-exito-en-una-entrevista-de-trabajo-scaled-1.jpg\",\"keywords\":[\"#entrevistadefeina\",\"#entrevistadetrabajo\",\"#gestionalatevaimatge\",\"#gestionatuimagen\",\"#imagenpersonal\",\"#imagenprofesional\",\"#imatgepersonal\",\"#imatgeprofessional\",\"#lideralatevaimatge\",\"#lideratuimagen\"],\"articleSection\":[\"General\",\"Imatge personal &amp; professional\"],\"inLanguage\":\"ca\"},{\"@type\":\"WebPage\",\"@id\":\"https:\\\/\\\/consolvilar.com\\\/ca\\\/7-claves-para-transmitir-una-imagen-de-exito-en-una-entrevista-de-trabajo\\\/\",\"url\":\"https:\\\/\\\/consolvilar.com\\\/ca\\\/7-claves-para-transmitir-una-imagen-de-exito-en-una-entrevista-de-trabajo\\\/\",\"name\":\"7 claus per a transmetre una imatge d'\u00e8xit en una entrevista de feina - Consol Vilar\",\"isPartOf\":{\"@id\":\"https:\\\/\\\/consolvilar.com\\\/ca\\\/#website\"},\"primaryImageOfPage\":{\"@id\":\"https:\\\/\\\/consolvilar.com\\\/ca\\\/7-claves-para-transmitir-una-imagen-de-exito-en-una-entrevista-de-trabajo\\\/#primaryimage\"},\"image\":{\"@id\":\"https:\\\/\\\/consolvilar.com\\\/ca\\\/7-claves-para-transmitir-una-imagen-de-exito-en-una-entrevista-de-trabajo\\\/#primaryimage\"},\"thumbnailUrl\":\"https:\\\/\\\/consolvilar.com\\\/wp-content\\\/uploads\\\/2022\\\/09\\\/7-claves-para-transmitir-una-imagen-de-exito-en-una-entrevista-de-trabajo-scaled-1.jpg\",\"datePublished\":\"2022-09-28T17:58:18+00:00\",\"dateModified\":\"2024-04-30T10:59:54+00:00\",\"author\":{\"@id\":\"https:\\\/\\\/consolvilar.com\\\/ca\\\/#\\\/schema\\\/person\\\/4cceb056bd830c1609de48e671ef6b3f\"},\"description\":\"7 claus per a transmetre una imatge d'\u00e8xit en una entrevista de treball per a projectar la teva personalitat, habilitats i compet\u00e8ncies.\",\"breadcrumb\":{\"@id\":\"https:\\\/\\\/consolvilar.com\\\/ca\\\/7-claves-para-transmitir-una-imagen-de-exito-en-una-entrevista-de-trabajo\\\/#breadcrumb\"},\"inLanguage\":\"ca\",\"potentialAction\":[{\"@type\":\"ReadAction\",\"target\":[\"https:\\\/\\\/consolvilar.com\\\/ca\\\/7-claves-para-transmitir-una-imagen-de-exito-en-una-entrevista-de-trabajo\\\/\"]}]},{\"@type\":\"ImageObject\",\"inLanguage\":\"ca\",\"@id\":\"https:\\\/\\\/consolvilar.com\\\/ca\\\/7-claves-para-transmitir-una-imagen-de-exito-en-una-entrevista-de-trabajo\\\/#primaryimage\",\"url\":\"https:\\\/\\\/consolvilar.com\\\/wp-content\\\/uploads\\\/2022\\\/09\\\/7-claves-para-transmitir-una-imagen-de-exito-en-una-entrevista-de-trabajo-scaled-1.jpg\",\"contentUrl\":\"https:\\\/\\\/consolvilar.com\\\/wp-content\\\/uploads\\\/2022\\\/09\\\/7-claves-para-transmitir-una-imagen-de-exito-en-una-entrevista-de-trabajo-scaled-1.jpg\",\"width\":2560,\"height\":1707},{\"@type\":\"BreadcrumbList\",\"@id\":\"https:\\\/\\\/consolvilar.com\\\/ca\\\/7-claves-para-transmitir-una-imagen-de-exito-en-una-entrevista-de-trabajo\\\/#breadcrumb\",\"itemListElement\":[{\"@type\":\"ListItem\",\"position\":1,\"name\":\"Inici\",\"item\":\"https:\\\/\\\/consolvilar.com\\\/ca\\\/\"},{\"@type\":\"ListItem\",\"position\":2,\"name\":\"7 claus per a transmetre una imatge d&#8217;\u00e8xit en una entrevista de feina\"}]},{\"@type\":\"WebSite\",\"@id\":\"https:\\\/\\\/consolvilar.com\\\/ca\\\/#website\",\"url\":\"https:\\\/\\\/consolvilar.com\\\/ca\\\/\",\"name\":\"Consol Vilar\",\"description\":\"Imagen personal y profesional\",\"potentialAction\":[{\"@type\":\"SearchAction\",\"target\":{\"@type\":\"EntryPoint\",\"urlTemplate\":\"https:\\\/\\\/consolvilar.com\\\/ca\\\/?s={search_term_string}\"},\"query-input\":{\"@type\":\"PropertyValueSpecification\",\"valueRequired\":true,\"valueName\":\"search_term_string\"}}],\"inLanguage\":\"ca\"},{\"@type\":\"Person\",\"@id\":\"https:\\\/\\\/consolvilar.com\\\/ca\\\/#\\\/schema\\\/person\\\/4cceb056bd830c1609de48e671ef6b3f\",\"name\":\"Ergates Tecnologia SL\",\"sameAs\":[\"http:\\\/\\\/www.ergates.net\"],\"url\":\"https:\\\/\\\/consolvilar.com\\\/ca\\\/author\\\/ergates\\\/\"}]}<\/script>\n<!-- \/ Yoast SEO plugin. -->","yoast_head_json":{"title":"7 claus per a transmetre una imatge d'\u00e8xit en una entrevista de feina - Consol Vilar","description":"7 claus per a transmetre una imatge d'\u00e8xit en una entrevista de treball per a projectar la teva personalitat, habilitats i compet\u00e8ncies.","robots":{"index":"index","follow":"follow","max-snippet":"max-snippet:-1","max-image-preview":"max-image-preview:large","max-video-preview":"max-video-preview:-1"},"canonical":"https:\/\/consolvilar.com\/ca\/7-claves-para-transmitir-una-imagen-de-exito-en-una-entrevista-de-trabajo\/","og_locale":"ca_ES","og_type":"article","og_title":"7 claus per a transmetre una imatge d'\u00e8xit en una entrevista de feina - Consol Vilar","og_description":"7 claus per a transmetre una imatge d'\u00e8xit en una entrevista de treball per a projectar la teva personalitat, habilitats i compet\u00e8ncies.","og_url":"https:\/\/consolvilar.com\/ca\/7-claves-para-transmitir-una-imagen-de-exito-en-una-entrevista-de-trabajo\/","og_site_name":"Consol Vilar","article_published_time":"2022-09-28T17:58:18+00:00","article_modified_time":"2024-04-30T10:59:54+00:00","og_image":[{"width":2560,"height":1707,"url":"https:\/\/consolvilar.com\/wp-content\/uploads\/2022\/09\/7-claves-para-transmitir-una-imagen-de-exito-en-una-entrevista-de-trabajo-scaled-1.jpg","type":"image\/jpeg"}],"author":"Ergates Tecnologia SL","twitter_card":"summary_large_image","twitter_misc":{"Escrit per":"Ergates Tecnologia SL","Temps estimat de lectura":"5 minuts"},"schema":{"@context":"https:\/\/schema.org","@graph":[{"@type":"Article","@id":"https:\/\/consolvilar.com\/ca\/7-claves-para-transmitir-una-imagen-de-exito-en-una-entrevista-de-trabajo\/#article","isPartOf":{"@id":"https:\/\/consolvilar.com\/ca\/7-claves-para-transmitir-una-imagen-de-exito-en-una-entrevista-de-trabajo\/"},"author":{"name":"Ergates Tecnologia SL","@id":"https:\/\/consolvilar.com\/ca\/#\/schema\/person\/4cceb056bd830c1609de48e671ef6b3f"},"headline":"7 claus per a transmetre una imatge d&#8217;\u00e8xit en una entrevista de feina","datePublished":"2022-09-28T17:58:18+00:00","dateModified":"2024-04-30T10:59:54+00:00","mainEntityOfPage":{"@id":"https:\/\/consolvilar.com\/ca\/7-claves-para-transmitir-una-imagen-de-exito-en-una-entrevista-de-trabajo\/"},"wordCount":802,"image":{"@id":"https:\/\/consolvilar.com\/ca\/7-claves-para-transmitir-una-imagen-de-exito-en-una-entrevista-de-trabajo\/#primaryimage"},"thumbnailUrl":"https:\/\/consolvilar.com\/wp-content\/uploads\/2022\/09\/7-claves-para-transmitir-una-imagen-de-exito-en-una-entrevista-de-trabajo-scaled-1.jpg","keywords":["#entrevistadefeina","#entrevistadetrabajo","#gestionalatevaimatge","#gestionatuimagen","#imagenpersonal","#imagenprofesional","#imatgepersonal","#imatgeprofessional","#lideralatevaimatge","#lideratuimagen"],"articleSection":["General","Imatge personal &amp; professional"],"inLanguage":"ca"},{"@type":"WebPage","@id":"https:\/\/consolvilar.com\/ca\/7-claves-para-transmitir-una-imagen-de-exito-en-una-entrevista-de-trabajo\/","url":"https:\/\/consolvilar.com\/ca\/7-claves-para-transmitir-una-imagen-de-exito-en-una-entrevista-de-trabajo\/","name":"7 claus per a transmetre una imatge d'\u00e8xit en una entrevista de feina - Consol Vilar","isPartOf":{"@id":"https:\/\/consolvilar.com\/ca\/#website"},"primaryImageOfPage":{"@id":"https:\/\/consolvilar.com\/ca\/7-claves-para-transmitir-una-imagen-de-exito-en-una-entrevista-de-trabajo\/#primaryimage"},"image":{"@id":"https:\/\/consolvilar.com\/ca\/7-claves-para-transmitir-una-imagen-de-exito-en-una-entrevista-de-trabajo\/#primaryimage"},"thumbnailUrl":"https:\/\/consolvilar.com\/wp-content\/uploads\/2022\/09\/7-claves-para-transmitir-una-imagen-de-exito-en-una-entrevista-de-trabajo-scaled-1.jpg","datePublished":"2022-09-28T17:58:18+00:00","dateModified":"2024-04-30T10:59:54+00:00","author":{"@id":"https:\/\/consolvilar.com\/ca\/#\/schema\/person\/4cceb056bd830c1609de48e671ef6b3f"},"description":"7 claus per a transmetre una imatge d'\u00e8xit en una entrevista de treball per a projectar la teva personalitat, habilitats i compet\u00e8ncies.","breadcrumb":{"@id":"https:\/\/consolvilar.com\/ca\/7-claves-para-transmitir-una-imagen-de-exito-en-una-entrevista-de-trabajo\/#breadcrumb"},"inLanguage":"ca","potentialAction":[{"@type":"ReadAction","target":["https:\/\/consolvilar.com\/ca\/7-claves-para-transmitir-una-imagen-de-exito-en-una-entrevista-de-trabajo\/"]}]},{"@type":"ImageObject","inLanguage":"ca","@id":"https:\/\/consolvilar.com\/ca\/7-claves-para-transmitir-una-imagen-de-exito-en-una-entrevista-de-trabajo\/#primaryimage","url":"https:\/\/consolvilar.com\/wp-content\/uploads\/2022\/09\/7-claves-para-transmitir-una-imagen-de-exito-en-una-entrevista-de-trabajo-scaled-1.jpg","contentUrl":"https:\/\/consolvilar.com\/wp-content\/uploads\/2022\/09\/7-claves-para-transmitir-una-imagen-de-exito-en-una-entrevista-de-trabajo-scaled-1.jpg","width":2560,"height":1707},{"@type":"BreadcrumbList","@id":"https:\/\/consolvilar.com\/ca\/7-claves-para-transmitir-una-imagen-de-exito-en-una-entrevista-de-trabajo\/#breadcrumb","itemListElement":[{"@type":"ListItem","position":1,"name":"Inici","item":"https:\/\/consolvilar.com\/ca\/"},{"@type":"ListItem","position":2,"name":"7 claus per a transmetre una imatge d&#8217;\u00e8xit en una entrevista de feina"}]},{"@type":"WebSite","@id":"https:\/\/consolvilar.com\/ca\/#website","url":"https:\/\/consolvilar.com\/ca\/","name":"Consol Vilar","description":"Imagen personal y profesional","potentialAction":[{"@type":"SearchAction","target":{"@type":"EntryPoint","urlTemplate":"https:\/\/consolvilar.com\/ca\/?s={search_term_string}"},"query-input":{"@type":"PropertyValueSpecification","valueRequired":true,"valueName":"search_term_string"}}],"inLanguage":"ca"},{"@type":"Person","@id":"https:\/\/consolvilar.com\/ca\/#\/schema\/person\/4cceb056bd830c1609de48e671ef6b3f","name":"Ergates Tecnologia SL","sameAs":["http:\/\/www.ergates.net"],"url":"https:\/\/consolvilar.com\/ca\/author\/ergates\/"}]}},"_links":{"self":[{"href":"https:\/\/consolvilar.com\/ca\/wp-json\/wp\/v2\/posts\/14016","targetHints":{"allow":["GET"]}}],"collection":[{"href":"https:\/\/consolvilar.com\/ca\/wp-json\/wp\/v2\/posts"}],"about":[{"href":"https:\/\/consolvilar.com\/ca\/wp-json\/wp\/v2\/types\/post"}],"author":[{"embeddable":true,"href":"https:\/\/consolvilar.com\/ca\/wp-json\/wp\/v2\/users\/3"}],"replies":[{"embeddable":true,"href":"https:\/\/consolvilar.com\/ca\/wp-json\/wp\/v2\/comments?post=14016"}],"version-history":[{"count":2,"href":"https:\/\/consolvilar.com\/ca\/wp-json\/wp\/v2\/posts\/14016\/revisions"}],"predecessor-version":[{"id":18535,"href":"https:\/\/consolvilar.com\/ca\/wp-json\/wp\/v2\/posts\/14016\/revisions\/18535"}],"wp:featuredmedia":[{"embeddable":true,"href":"https:\/\/consolvilar.com\/ca\/wp-json\/wp\/v2\/media\/13996"}],"wp:attachment":[{"href":"https:\/\/consolvilar.com\/ca\/wp-json\/wp\/v2\/media?parent=14016"}],"wp:term":[{"taxonomy":"category","embeddable":true,"href":"https:\/\/consolvilar.com\/ca\/wp-json\/wp\/v2\/categories?post=14016"},{"taxonomy":"post_tag","embeddable":true,"href":"https:\/\/consolvilar.com\/ca\/wp-json\/wp\/v2\/tags?post=14016"}],"curies":[{"name":"wp","href":"https:\/\/api.w.org\/{rel}","templated":true}]}}