{"id":19055,"date":"2024-09-05T14:12:04","date_gmt":"2024-09-05T12:12:04","guid":{"rendered":"https:\/\/consolvilar.com\/?p=19055"},"modified":"2024-09-05T16:47:18","modified_gmt":"2024-09-05T14:47:18","slug":"tendencies-man-que-es-portara-aquesta-tardor-hivern-2024-25","status":"publish","type":"post","link":"https:\/\/consolvilar.com\/ca\/tendencies-man-que-es-portara-aquesta-tardor-hivern-2024-25\/","title":{"rendered":"Tend\u00e8ncies Man: Qu\u00e8 es portar\u00e0 aquesta Tardor-Hivern 2024-25?"},"content":{"rendered":"<p>La tardor s&#8217;acosta i, con\u00e8ixer els<strong> colors i tend\u00e8ncies man clau d&#8217;aquesta tardor-hivern 2024-25 per a renovar el teu armari i actualitzar els teus <span class=\"hiddenSpellError\">outfits<\/span><\/strong> de la temporada segons el teu<a href=\"https:\/\/consolvilar.com\/ca\/imagen-personal-exito-profesional\/\"> estil.<\/a><\/p>\n<h2 class=\"p1\">Colors tend\u00e8ncia tardor\u2013hivern 2024-25<\/h2>\n<p>Els colors protagonistes segons <span class=\"hiddenSpellError\">WSGN<\/span>\u00a0i\u00a0<span class=\"hiddenGrammarError\">Coloro<\/span>\u00a0que arriben per a revolucionar el teu armari i aportar aire fresc als teus\u00a0<span class=\"hiddenSpellError\">outfits<\/span>\u00a0de la nova temporada tardor-hivern 2024-25, s\u00f3n Celestial Yellow (Groc Celestial),\u00a0<span class=\"hiddenSpellError\">Cherry<\/span>\u00a0<span class=\"hiddenSpellError\">Lacquer<\/span>\u00a0(Laca de\u00a0<span class=\"hiddenSpellError\">Cerezo<\/span>), Future Dusk (Fosquejar del Futur) nomenat color de l&#8217;any del 2025.\u00a0<span class=\"hiddenSpellError\">Neon<\/span>\u00a0<span class=\"hiddenSpellError\">Flare<\/span> (Centelleig de Ne\u00f3) i Retro Blue (Blau Retro). Els colors s\u00f3n\u00a0 els mateixos proposats des en tend\u00e8ncies <span class=\"hiddenSpellError\">woman<\/span> AW2024-25, la diferenciaci\u00f3 est\u00e0 en les tonalitats.<\/p>\n<p><img loading=\"lazy\" decoding=\"async\" class=\"wp-image-19065 size-full\" src=\"https:\/\/consolvilar.com\/wp-content\/uploads\/2024\/09\/WSGNCOLOROAW24-25.jpg\" alt=\"\" width=\"1042\" height=\"1342\" srcset=\"https:\/\/consolvilar.com\/wp-content\/uploads\/2024\/09\/WSGNCOLOROAW24-25.jpg 1042w, https:\/\/consolvilar.com\/wp-content\/uploads\/2024\/09\/WSGNCOLOROAW24-25-233x300.jpg 233w, https:\/\/consolvilar.com\/wp-content\/uploads\/2024\/09\/WSGNCOLOROAW24-25-800x1030.jpg 800w, https:\/\/consolvilar.com\/wp-content\/uploads\/2024\/09\/WSGNCOLOROAW24-25-768x989.jpg 768w, https:\/\/consolvilar.com\/wp-content\/uploads\/2024\/09\/WSGNCOLOROAW24-25-547x705.jpg 547w\" sizes=\"auto, (max-width: 1042px) 100vw, 1042px\" \/><\/p>\n<p>I els 10 colors presentats per <a href=\"https:\/\/www.pantone.com\/eu\/es\/articulos\/color-palettes\/new-york-fashion-week-autumn-winter-2024-2025-color-palettes\">PANTONE<\/a> en la setmana de la moda de Nova York: Tomato cream; Scarlet Smile; Goldem Pa\u00f1m; Red Orange; Fern; Italian Plum; Moonstruck; WinterSkY; Lucent White. Sin olvidar los colores neutros en gama de marrones: White Sawn; Raw Umber; y Buckthom Brown.<\/p>\n<p><img loading=\"lazy\" decoding=\"async\" class=\"wp-image-19043 size-full\" src=\"https:\/\/consolvilar.com\/wp-content\/uploads\/2024\/09\/COLOR-MAN-AW2024-25-scaled.jpg\" alt=\"\" width=\"2560\" height=\"904\" srcset=\"https:\/\/consolvilar.com\/wp-content\/uploads\/2024\/09\/COLOR-MAN-AW2024-25-scaled.jpg 2560w, https:\/\/consolvilar.com\/wp-content\/uploads\/2024\/09\/COLOR-MAN-AW2024-25-300x106.jpg 300w, https:\/\/consolvilar.com\/wp-content\/uploads\/2024\/09\/COLOR-MAN-AW2024-25-1030x364.jpg 1030w, https:\/\/consolvilar.com\/wp-content\/uploads\/2024\/09\/COLOR-MAN-AW2024-25-768x271.jpg 768w, https:\/\/consolvilar.com\/wp-content\/uploads\/2024\/09\/COLOR-MAN-AW2024-25-1536x543.jpg 1536w, https:\/\/consolvilar.com\/wp-content\/uploads\/2024\/09\/COLOR-MAN-AW2024-25-2048x724.jpg 2048w, https:\/\/consolvilar.com\/wp-content\/uploads\/2024\/09\/COLOR-MAN-AW2024-25-1500x530.jpg 1500w, https:\/\/consolvilar.com\/wp-content\/uploads\/2024\/09\/COLOR-MAN-AW2024-25-705x249.jpg 705w\" sizes=\"auto, (max-width: 2560px) 100vw, 2560px\" \/><\/p>\n<p>&nbsp;<\/p>\n<h2><strong>Les 5 tend\u00e8ncies man m\u00e9s top per aquesta temporada AW 24\/25<\/strong><\/h2>\n<h3><strong>1. Est\u00e8tica Western<\/strong><\/h3>\n<p><img loading=\"lazy\" decoding=\"async\" class=\"alignnone wp-image-19027 size-full\" src=\"https:\/\/consolvilar.com\/wp-content\/uploads\/2024\/09\/Estetica-Western-.jpg\" alt=\"Tendencias Man: \u00bfQu\u00e9 se llevar\u00e1 este Oto\u00f1o-Invierno 2024-25?\" width=\"1928\" height=\"1004\" srcset=\"https:\/\/consolvilar.com\/wp-content\/uploads\/2024\/09\/Estetica-Western-.jpg 1928w, https:\/\/consolvilar.com\/wp-content\/uploads\/2024\/09\/Estetica-Western--300x156.jpg 300w, https:\/\/consolvilar.com\/wp-content\/uploads\/2024\/09\/Estetica-Western--1030x536.jpg 1030w, https:\/\/consolvilar.com\/wp-content\/uploads\/2024\/09\/Estetica-Western--768x400.jpg 768w, https:\/\/consolvilar.com\/wp-content\/uploads\/2024\/09\/Estetica-Western--1536x800.jpg 1536w, https:\/\/consolvilar.com\/wp-content\/uploads\/2024\/09\/Estetica-Western--1500x781.jpg 1500w, https:\/\/consolvilar.com\/wp-content\/uploads\/2024\/09\/Estetica-Western--705x367.jpg 705w\" sizes=\"auto, (max-width: 1928px) 100vw, 1928px\" \/><\/p>\n<p>La moda masculina per a <strong>la temporada tardor-hivern 2024-25 reviu l&#8217;esperit del Lluny\u00e0 Oest amb un toc modern i sofisticat.<\/strong> Inspirada en la cultura cowboy i les arrels ind\u00edgenes, l&#8217;est\u00e8tica Western s&#8217;apodera de les passarel\u00b7les <strong>amb una mescla auda\u00e7 de tradici\u00f3 i contemporane\u00eftat.<\/strong>\u00a0<span class=\"hiddenSpellError\">Pharrell<\/span>, amb la seva col\u00b7lecci\u00f3 per a Louis Vuitton, al costat d&#8217;altres dissenyadors i marques, ha apostat per peces ic\u00f2niques com a camises de quadres, jaquetes amb serrells, abrics llargs i pantalons de cuir, elevant-les amb detalls elegants i talls actualitzats. Aquesta tend\u00e8ncia combina el rude i aut\u00e8ntic del vell Oest amb un enfocament refinat i sofisticat, creant una proposta amb car\u00e0cter i personalitat<\/p>\n<h3><strong>2. Sastreria: Espatlla ampla i cintura marcada<\/strong><\/h3>\n<div id=\"attachment_19033\" style=\"width: 1892px\" class=\"wp-caption aligncenter\"><img loading=\"lazy\" decoding=\"async\" aria-describedby=\"caption-attachment-19033\" class=\"wp-image-19033 size-full\" src=\"https:\/\/consolvilar.com\/wp-content\/uploads\/2024\/09\/Sastreria-hombros-y-cintura-marcada-copia.jpeg\" alt=\"Tendencias Man: \u00bfQu\u00e9 se llevar\u00e1 este Oto\u00f1o-Invierno 2024-25?\" width=\"1882\" height=\"998\" srcset=\"https:\/\/consolvilar.com\/wp-content\/uploads\/2024\/09\/Sastreria-hombros-y-cintura-marcada-copia.jpeg 1882w, https:\/\/consolvilar.com\/wp-content\/uploads\/2024\/09\/Sastreria-hombros-y-cintura-marcada-copia-300x159.jpeg 300w, https:\/\/consolvilar.com\/wp-content\/uploads\/2024\/09\/Sastreria-hombros-y-cintura-marcada-copia-1030x546.jpeg 1030w, https:\/\/consolvilar.com\/wp-content\/uploads\/2024\/09\/Sastreria-hombros-y-cintura-marcada-copia-768x407.jpeg 768w, https:\/\/consolvilar.com\/wp-content\/uploads\/2024\/09\/Sastreria-hombros-y-cintura-marcada-copia-1536x815.jpeg 1536w, https:\/\/consolvilar.com\/wp-content\/uploads\/2024\/09\/Sastreria-hombros-y-cintura-marcada-copia-1500x795.jpeg 1500w, https:\/\/consolvilar.com\/wp-content\/uploads\/2024\/09\/Sastreria-hombros-y-cintura-marcada-copia-705x374.jpeg 705w\" sizes=\"auto, (max-width: 1882px) 100vw, 1882px\" \/><p id=\"caption-attachment-19033\" class=\"wp-caption-text\"><span style=\"font-size: 16px;\"><strong>La\u00a0sastreria\u00a0masculina per a la temporada tardor-hivern 2025 evoluciona cap a una silueta m\u00e9s estructurada i definida, amb un enfocament a coll\u00a0pronunciat\u00a0i cintura marcada. <\/strong>Aquesta tend\u00e8ncia busca ressaltar la figura masculina mitjan\u00e7ant un joc de proporcions que transmet poder i sofisticaci\u00f3. Els dissenyadors aposten per teixits d&#8217;alta qualitat, com la llana, el\u00a0<span class=\"hiddenSpellError\">tweed<\/span> i el vellut, acompanyats de colors neutres i foscos com a gris, negre, blau mar\u00ed i tons terra, encara que tamb\u00e9 hi ha espai per a estampats discrets com a ratlles i quadres, o per als m\u00e9s alternatius, peces en denim. A m\u00e9s, la tend\u00e8ncia incorpora elements moderns com a tancaments asim\u00e8trics, cinturons integrats i detalls met\u00e0l\u00b7lics, que afegeixen un toc futurista.<\/span><\/p><\/div>\n<h3><strong>3. Colls: protagonista del outfit\u00a0<\/strong><\/h3>\n<p><img loading=\"lazy\" decoding=\"async\" class=\"aligncenter wp-image-19037 size-full\" src=\"https:\/\/consolvilar.com\/wp-content\/uploads\/2024\/09\/Cuellos-AW2025.jpg\" alt=\"Tendencias Man: \u00bfQu\u00e9 se llevar\u00e1 este Oto\u00f1o-Invierno 2024-25?\" width=\"1890\" height=\"1002\" srcset=\"https:\/\/consolvilar.com\/wp-content\/uploads\/2024\/09\/Cuellos-AW2025.jpg 1890w, https:\/\/consolvilar.com\/wp-content\/uploads\/2024\/09\/Cuellos-AW2025-300x159.jpg 300w, https:\/\/consolvilar.com\/wp-content\/uploads\/2024\/09\/Cuellos-AW2025-1030x546.jpg 1030w, https:\/\/consolvilar.com\/wp-content\/uploads\/2024\/09\/Cuellos-AW2025-768x407.jpg 768w, https:\/\/consolvilar.com\/wp-content\/uploads\/2024\/09\/Cuellos-AW2025-1536x814.jpg 1536w, https:\/\/consolvilar.com\/wp-content\/uploads\/2024\/09\/Cuellos-AW2025-1500x795.jpg 1500w, https:\/\/consolvilar.com\/wp-content\/uploads\/2024\/09\/Cuellos-AW2025-710x375.jpg 710w, https:\/\/consolvilar.com\/wp-content\/uploads\/2024\/09\/Cuellos-AW2025-705x374.jpg 705w\" sizes=\"auto, (max-width: 1890px) 100vw, 1890px\" \/><\/p>\n<p><strong>Els colls XXL s&#8217;integren f\u00e0cilment en qualsevol\u00a0<span class=\"hiddenGreenError\" style=\"padding-bottom: 2px; background-image: url('..\/..\/..\/..\/..\/images\/squiggle_green.png'); background-repeat: repeat-x; background-position: left bottom; cursor: default; color: #000000; font-family: 'Open Sans', Helvetica, Arial, sans-serif; font-size: 16px; font-style: normal; font-variant-ligatures: normal; font-variant-caps: normal; letter-spacing: normal; orphans: 2; text-align: start; text-indent: 0px; text-transform: none; widows: 2; word-spacing: 0px; -webkit-text-stroke-width: 0px; white-space: normal; text-decoration-thickness: initial; text-decoration-style: initial; text-decoration-color: initial;\">outfit<\/span>\u00a0de la temporada tardor-hivern 2024-25<\/strong>, ajudant-te a crear combinacions que reflecteixin el teu estil personal i s&#8217;adaptin a les teves necessitats di\u00e0ries. Els c<strong>olls en V, alts, amb cremalleres o botons es reinventen en versi\u00f3 XXL,<\/strong> transformant-se en capes o caputxes que descansen sobre les espatlles. Aquesta tend\u00e8ncia no sols aporta volum i protecci\u00f3 contra el fred, sin\u00f3 que tamb\u00e9 combina funcionalitat amb un toc d&#8217;eleg\u00e0ncia. \u00c9s una opci\u00f3 pr\u00e0ctica que es perfila com un\u00a0<span class=\"hiddenSpellError\">must<\/span>-*<span class=\"hiddenSpellError\">have<\/span>\u00a0en l&#8217;armari mascul\u00ed. La versatilitat d&#8217;aquests colls \u00e9s clau,\u00a0i aix\u00f2 permet\u00a0experimentar amb diferents l\u00ednies, textures i colors, i adaptant-se tant a looks esportius com formals.<\/p>\n<h3><strong>4. <\/strong><strong>Silhouettes Oversize &#8220;chic&#8221;<\/strong><\/h3>\n<div id=\"attachment_19039\" style=\"width: 1908px\" class=\"wp-caption aligncenter\"><img loading=\"lazy\" decoding=\"async\" aria-describedby=\"caption-attachment-19039\" class=\"wp-image-19039 size-full\" src=\"https:\/\/consolvilar.com\/wp-content\/uploads\/2024\/09\/Oversize-Chic-AW24-25.jpg\" alt=\"Tendencias Man: \u00bfQu\u00e9 se llevar\u00e1 este Oto\u00f1o-Invierno 2024-25?\" width=\"1898\" height=\"1006\" srcset=\"https:\/\/consolvilar.com\/wp-content\/uploads\/2024\/09\/Oversize-Chic-AW24-25.jpg 1898w, https:\/\/consolvilar.com\/wp-content\/uploads\/2024\/09\/Oversize-Chic-AW24-25-300x159.jpg 300w, https:\/\/consolvilar.com\/wp-content\/uploads\/2024\/09\/Oversize-Chic-AW24-25-1030x546.jpg 1030w, https:\/\/consolvilar.com\/wp-content\/uploads\/2024\/09\/Oversize-Chic-AW24-25-768x407.jpg 768w, https:\/\/consolvilar.com\/wp-content\/uploads\/2024\/09\/Oversize-Chic-AW24-25-1536x814.jpg 1536w, https:\/\/consolvilar.com\/wp-content\/uploads\/2024\/09\/Oversize-Chic-AW24-25-1500x795.jpg 1500w, https:\/\/consolvilar.com\/wp-content\/uploads\/2024\/09\/Oversize-Chic-AW24-25-710x375.jpg 710w, https:\/\/consolvilar.com\/wp-content\/uploads\/2024\/09\/Oversize-Chic-AW24-25-705x374.jpg 705w\" sizes=\"auto, (max-width: 1898px) 100vw, 1898px\" \/><p id=\"caption-attachment-19039\" class=\"wp-caption-text\"><span style=\"font-size: 16px;\">Aquesta tardor-hivern 2024-25, l<\/span><strong style=\"font-size: 16px;\">es siluetes\u00a0<span class=\"hiddenSpellError\">oversize<\/span>\u00a0tornen amb for\u00e7a per a crear looks d&#8217;oficina moderns amb un toc &#8220;<span class=\"hiddenSpellError\">chic<\/span>&#8220;.<\/strong><span style=\"font-size: 16px;\"> Les jaquetes de cuir envellit, abrics i jaquetes de llana i les peces de punt es converteixen en peces clau,<\/span><strong style=\"font-size: 16px;\"> destacant pels seus talls relaxats que, alhora, realcen la silueta aportant actualitat i sofisticaci\u00f3<\/strong><span style=\"font-size: 16px;\">. Els teixits d&#8217;alta qualitat s\u00f3n essencials, amb una paleta que va des dels cl\u00e0ssics grisos i marrons als m\u00e9s top de la temporada, aportant versatilitat i eleg\u00e0ncia. Aquesta temporada AW2024-25, aposta pel\u00a0<\/span><span class=\"hiddenSpellError\" style=\"font-size: 16px;\">oversize<\/span><span style=\"font-size: 16px;\"> i porta el teu look d&#8217;oficina al seg\u00fcent nivell. Reflecteix el teu estil i autenticitat.<\/span><\/p><\/div>\n<h3><strong>5. Peces de roba de punten totes les seves formes<\/strong><\/h3>\n<p><img loading=\"lazy\" decoding=\"async\" class=\"alignnone wp-image-19041 size-full\" src=\"https:\/\/consolvilar.com\/wp-content\/uploads\/2024\/09\/Genero-de-punto.jpg\" alt=\"Tendencias Man: \u00bfQu\u00e9 se llevar\u00e1 este Oto\u00f1o-Invierno 2024-25?\" width=\"2000\" height=\"1006\" srcset=\"https:\/\/consolvilar.com\/wp-content\/uploads\/2024\/09\/Genero-de-punto.jpg 2000w, https:\/\/consolvilar.com\/wp-content\/uploads\/2024\/09\/Genero-de-punto-300x151.jpg 300w, https:\/\/consolvilar.com\/wp-content\/uploads\/2024\/09\/Genero-de-punto-1030x518.jpg 1030w, https:\/\/consolvilar.com\/wp-content\/uploads\/2024\/09\/Genero-de-punto-768x386.jpg 768w, https:\/\/consolvilar.com\/wp-content\/uploads\/2024\/09\/Genero-de-punto-1536x773.jpg 1536w, https:\/\/consolvilar.com\/wp-content\/uploads\/2024\/09\/Genero-de-punto-1500x755.jpg 1500w, https:\/\/consolvilar.com\/wp-content\/uploads\/2024\/09\/Genero-de-punto-705x355.jpg 705w\" sizes=\"auto, (max-width: 2000px) 100vw, 2000px\" \/><\/p>\n<p><strong>Les peces de punt s&#8217;han consolidat com a imprescindibles<\/strong> per als teus\u00a0<span class=\"hiddenSpellError\">outfits<\/span>\u00a0de la temporada tardor-hivern 2024-25. Disponibles en una varietat d&#8217;estils, des del minimalista fins al grunge i el surrealista, els c\u00e0rdigans i colls alts s\u00f3n ideals per a construir looks en capes. Les desfilades recents han demostrat que enguany no \u00e9s moment per a les versions b\u00e0siques: els colors\u00a0intensos\u00a0i els estampats auda\u00e7os s\u00f3n els protagonistes, mantenint la comoditat i adaptabilitat caracter\u00edstiques de les peces de punt. <strong>Atreveix-te a experimentar i incorpora aquestes peces en les teves\u00a0<span class=\"hiddenSpellError\">outfits<\/span>\u00a0de la temporada\u00a0<span class=\"hiddenSpellError\">AW<\/span>\u00a024-25 per a afegir un toc distintiu i actualitzat al teu estil.<\/strong><\/p>\n<p>Amb aquestes tend\u00e8ncies clau per a la tardor-hivern 2024-25, tens l&#8217;oportunitat de transformar el teu armari i destacar amb un estil renovat. Des dels vibrants colors que revolucionaran els teus\u00a0<span class=\"hiddenSpellError\">outfits<\/span>\u00a0fins a les formes i estils que marquen la pauta aquesta temporada, hi ha opcions per a tots els gustos i estils. No tinguis por d&#8217;experimentar amb les tend\u00e8ncies, des de l&#8217;est\u00e8tica Western fins a les siluetes\u00a0<span class=\"hiddenSpellError\">oversize<\/span>\u00a0i les peces de punt en totes les seves formes. Atreveix-te a combinar l&#8217;auda\u00e7 amb el cl\u00e0ssic i a incorporar aquestes propostes en els teus looks per a mantenir-te a l&#8217;avantguarda de la moda.<\/p>\n<p>La tardor s&#8217;acosta i \u00e9s el moment perfecte per a refor\u00e7ar el teu armari concorde al teu estil. Explora i coneix les tend\u00e8ncies, tria les que m\u00e9s t&#8217;identifiquin i <strong>fes que les teves\u00a0<span class=\"hiddenSpellError\">outfits<\/span>\u00a0de la temporada tardor-hivern 2024-25 reflecteixin la teva millor versi\u00f3, tant en el professional com en el personal!<\/strong><\/p>\n<p>&nbsp;<\/p>\n<h2>Articles relacionats:<\/h2>\n<ul>\n<li><a href=\"https:\/\/consolvilar.com\/ca\/tendencies-woman-que-sera-imprescindible-aquesta-tardor-hivern-2024-25\/\">Tend\u00e8ncies Woman: Qu\u00e8 es portar\u00e0 aquesta Tardor-Hivern 2024-25?<\/a><\/li>\n<li><a href=\"https:\/\/consolvilar.com\/ca\/tendencias-otono-invierno-2023-24-man-que-llevaras\/\">Tend\u00e8ncies Tardor-Hivern 2023-24 Man: Qu\u00e8 \u00e9s portar\u00e0?<\/a><\/li>\n<li><a href=\"https:\/\/consolvilar.com\/ca\/como-comunica-tu-imagen-en-tus-redes-sociales\/\">Qu\u00e8 diu de tu la teva imatge en les teves xarxes socials?<\/a><\/li>\n<\/ul>\n<h3><strong>3. Colls: protagonista del outfit\u00a0<\/strong><\/h3>\n<p><img loading=\"lazy\" decoding=\"async\" class=\"aligncenter wp-image-19037 size-full\" src=\"https:\/\/consolvilar.com\/wp-content\/uploads\/2024\/09\/Cuellos-AW2025.jpg\" alt=\"Tendencias Man: \u00bfQu\u00e9 se llevar\u00e1 este Oto\u00f1o-Invierno 2024-25?\" width=\"1890\" height=\"1002\" srcset=\"https:\/\/consolvilar.com\/wp-content\/uploads\/2024\/09\/Cuellos-AW2025.jpg 1890w, https:\/\/consolvilar.com\/wp-content\/uploads\/2024\/09\/Cuellos-AW2025-300x159.jpg 300w, https:\/\/consolvilar.com\/wp-content\/uploads\/2024\/09\/Cuellos-AW2025-1030x546.jpg 1030w, https:\/\/consolvilar.com\/wp-content\/uploads\/2024\/09\/Cuellos-AW2025-768x407.jpg 768w, https:\/\/consolvilar.com\/wp-content\/uploads\/2024\/09\/Cuellos-AW2025-1536x814.jpg 1536w, https:\/\/consolvilar.com\/wp-content\/uploads\/2024\/09\/Cuellos-AW2025-1500x795.jpg 1500w, https:\/\/consolvilar.com\/wp-content\/uploads\/2024\/09\/Cuellos-AW2025-710x375.jpg 710w, https:\/\/consolvilar.com\/wp-content\/uploads\/2024\/09\/Cuellos-AW2025-705x374.jpg 705w\" sizes=\"auto, (max-width: 1890px) 100vw, 1890px\" \/><\/p>\n<p><strong>Els colls XXL s&#8217;integren f\u00e0cilment en qualsevol\u00a0<span class=\"hiddenGreenError\" style=\"padding-bottom: 2px; background-image: url('..\/..\/..\/..\/..\/images\/squiggle_green.png'); background-repeat: repeat-x; background-position: left bottom; cursor: default; color: #000000; font-family: 'Open Sans', Helvetica, Arial, sans-serif; font-size: 16px; font-style: normal; font-variant-ligatures: normal; font-variant-caps: normal; letter-spacing: normal; orphans: 2; text-align: start; text-indent: 0px; text-transform: none; widows: 2; word-spacing: 0px; -webkit-text-stroke-width: 0px; white-space: normal; text-decoration-thickness: initial; text-decoration-style: initial; text-decoration-color: initial;\">outfit<\/span>\u00a0de la temporada tardor-hivern 2024-25<\/strong>, ajudant-te a crear combinacions que reflecteixin el teu estil personal i s&#8217;adaptin a les teves necessitats di\u00e0ries. Els c<strong>olls en V, alts, amb cremalleres o botons es reinventen en versi\u00f3 XXL,<\/strong> transformant-se en capes o caputxes que descansen sobre les espatlles. Aquesta tend\u00e8ncia no sols aporta volum i protecci\u00f3 contra el fred, sin\u00f3 que tamb\u00e9 combina funcionalitat amb un toc d&#8217;eleg\u00e0ncia. \u00c9s una opci\u00f3 pr\u00e0ctica que es perfila com un\u00a0<span class=\"hiddenSpellError\">must<\/span>-*<span class=\"hiddenSpellError\">have<\/span>\u00a0en l&#8217;armari mascul\u00ed. La versatilitat d&#8217;aquests colls \u00e9s clau,\u00a0i aix\u00f2 permet\u00a0experimentar amb diferents l\u00ednies, textures i colors, i adaptant-se tant a looks esportius com formals.<\/p>\n<h3><strong>4. <\/strong><strong>Silhouettes Oversize &#8220;chic&#8221;<\/strong><\/h3>\n<div id=\"attachment_19039\" style=\"width: 1908px\" class=\"wp-caption aligncenter\"><img loading=\"lazy\" decoding=\"async\" aria-describedby=\"caption-attachment-19039\" class=\"wp-image-19039 size-full\" src=\"https:\/\/consolvilar.com\/wp-content\/uploads\/2024\/09\/Oversize-Chic-AW24-25.jpg\" alt=\"Tendencias Man: \u00bfQu\u00e9 se llevar\u00e1 este Oto\u00f1o-Invierno 2024-25?\" width=\"1898\" height=\"1006\" srcset=\"https:\/\/consolvilar.com\/wp-content\/uploads\/2024\/09\/Oversize-Chic-AW24-25.jpg 1898w, https:\/\/consolvilar.com\/wp-content\/uploads\/2024\/09\/Oversize-Chic-AW24-25-300x159.jpg 300w, https:\/\/consolvilar.com\/wp-content\/uploads\/2024\/09\/Oversize-Chic-AW24-25-1030x546.jpg 1030w, https:\/\/consolvilar.com\/wp-content\/uploads\/2024\/09\/Oversize-Chic-AW24-25-768x407.jpg 768w, https:\/\/consolvilar.com\/wp-content\/uploads\/2024\/09\/Oversize-Chic-AW24-25-1536x814.jpg 1536w, https:\/\/consolvilar.com\/wp-content\/uploads\/2024\/09\/Oversize-Chic-AW24-25-1500x795.jpg 1500w, https:\/\/consolvilar.com\/wp-content\/uploads\/2024\/09\/Oversize-Chic-AW24-25-710x375.jpg 710w, https:\/\/consolvilar.com\/wp-content\/uploads\/2024\/09\/Oversize-Chic-AW24-25-705x374.jpg 705w\" sizes=\"auto, (max-width: 1898px) 100vw, 1898px\" \/><p id=\"caption-attachment-19039\" class=\"wp-caption-text\"><span style=\"font-size: 16px;\">Aquesta tardor-hivern 2024-25, l<\/span><strong style=\"font-size: 16px;\">es siluetes\u00a0<span class=\"hiddenSpellError\">oversize<\/span>\u00a0tornen amb for\u00e7a per a crear looks d&#8217;oficina moderns amb un toc &#8220;<span class=\"hiddenSpellError\">chic<\/span>&#8220;.<\/strong><span style=\"font-size: 16px;\"> Les jaquetes de cuir envellit, abrics i jaquetes de llana i les peces de punt es converteixen en peces clau,<\/span><strong style=\"font-size: 16px;\"> destacant pels seus talls relaxats que, alhora, realcen la silueta aportant actualitat i sofisticaci\u00f3<\/strong><span style=\"font-size: 16px;\">. Els teixits d&#8217;alta qualitat s\u00f3n essencials, amb una paleta que va des dels cl\u00e0ssics grisos i marrons als m\u00e9s top de la temporada, aportant versatilitat i eleg\u00e0ncia. Aquesta temporada AW2024-25, aposta pel\u00a0<\/span><span class=\"hiddenSpellError\" style=\"font-size: 16px;\">oversize<\/span><span style=\"font-size: 16px;\"> i porta el teu look d&#8217;oficina al seg\u00fcent nivell. Reflecteix el teu estil i autenticitat.<\/span><\/p><\/div>\n<h3><strong>5. Peces de roba de punten totes les seves formes<\/strong><\/h3>\n<p><img loading=\"lazy\" decoding=\"async\" class=\"alignnone wp-image-19041 size-full\" src=\"https:\/\/consolvilar.com\/wp-content\/uploads\/2024\/09\/Genero-de-punto.jpg\" alt=\"Tendencias Man: \u00bfQu\u00e9 se llevar\u00e1 este Oto\u00f1o-Invierno 2024-25?\" width=\"2000\" height=\"1006\" srcset=\"https:\/\/consolvilar.com\/wp-content\/uploads\/2024\/09\/Genero-de-punto.jpg 2000w, https:\/\/consolvilar.com\/wp-content\/uploads\/2024\/09\/Genero-de-punto-300x151.jpg 300w, https:\/\/consolvilar.com\/wp-content\/uploads\/2024\/09\/Genero-de-punto-1030x518.jpg 1030w, https:\/\/consolvilar.com\/wp-content\/uploads\/2024\/09\/Genero-de-punto-768x386.jpg 768w, https:\/\/consolvilar.com\/wp-content\/uploads\/2024\/09\/Genero-de-punto-1536x773.jpg 1536w, https:\/\/consolvilar.com\/wp-content\/uploads\/2024\/09\/Genero-de-punto-1500x755.jpg 1500w, https:\/\/consolvilar.com\/wp-content\/uploads\/2024\/09\/Genero-de-punto-705x355.jpg 705w\" sizes=\"auto, (max-width: 2000px) 100vw, 2000px\" \/><\/p>\n<p><strong>Les peces de punt s&#8217;han consolidat com a imprescindibles<\/strong> per als teus\u00a0<span class=\"hiddenSpellError\">outfits<\/span>\u00a0de la temporada tardor-hivern 2024-25. Disponibles en una varietat d&#8217;estils, des del minimalista fins al grunge i el surrealista, els c\u00e0rdigans i colls alts s\u00f3n ideals per a construir looks en capes. Les desfilades recents han demostrat que enguany no \u00e9s moment per a les versions b\u00e0siques: els colors\u00a0intensos\u00a0i els estampats auda\u00e7os s\u00f3n els protagonistes, mantenint la comoditat i adaptabilitat caracter\u00edstiques de les peces de punt. <strong>Atreveix-te a experimentar i incorpora aquestes peces en les teves\u00a0<span class=\"hiddenSpellError\">outfits<\/span>\u00a0de la temporada\u00a0<span class=\"hiddenSpellError\">AW<\/span>\u00a024-25 per a afegir un toc distintiu i actualitzat al teu estil.<\/strong><\/p>\n<p>Amb aquestes tend\u00e8ncies clau per a la tardor-hivern 2024-25, tens l&#8217;oportunitat de transformar el teu armari i destacar amb un estil renovat. Des dels vibrants colors que revolucionaran els teus\u00a0<span class=\"hiddenSpellError\">outfits<\/span>\u00a0fins a les formes i estils que marquen la pauta aquesta temporada, hi ha opcions per a tots els gustos i estils. No tinguis por d&#8217;experimentar amb les tend\u00e8ncies, des de l&#8217;est\u00e8tica Western fins a les siluetes\u00a0<span class=\"hiddenSpellError\">oversize<\/span>\u00a0i les peces de punt en totes les seves formes. Atreveix-te a combinar l&#8217;auda\u00e7 amb el cl\u00e0ssic i a incorporar aquestes propostes en els teus looks per a mantenir-te a l&#8217;avantguarda de la moda.<\/p>\n<p>La tardor s&#8217;acosta i \u00e9s el moment perfecte per a refor\u00e7ar el teu armari concorde al teu estil. Explora i coneix les tend\u00e8ncies, tria les que m\u00e9s t&#8217;identifiquin i <strong>fes que les teves\u00a0<span class=\"hiddenSpellError\">outfits<\/span>\u00a0de la temporada tardor-hivern 2024-25 reflecteixin la teva millor versi\u00f3, tant en el professional com en el personal!<\/strong><\/p>\n<p>&nbsp;<\/p>\n<h2>Articles relacionats:<\/h2>\n<ul>\n<li><a href=\"https:\/\/consolvilar.com\/ca\/tendencies-woman-que-sera-imprescindible-aquesta-tardor-hivern-2024-25\/\">Tend\u00e8ncies Woman: Qu\u00e8 es portar\u00e0 aquesta Tardor-Hivern 2024-25?<\/a><\/li>\n<li><a href=\"https:\/\/consolvilar.com\/ca\/tendencias-otono-invierno-2023-24-man-que-llevaras\/\">Tend\u00e8ncies Tardor-Hivern 2023-24 Man: Qu\u00e8 \u00e9s portar\u00e0?<\/a><\/li>\n<li><a href=\"https:\/\/consolvilar.com\/ca\/como-comunica-tu-imagen-en-tus-redes-sociales\/\">Qu\u00e8 diu de tu la teva imatge en les teves xarxes socials?<\/a><\/li>\n<\/ul>\n","protected":false},"excerpt":{"rendered":"<p>La tardor s&#8217;acosta i, con\u00e8ixer els colors i tend\u00e8ncies man clau d&#8217;aquesta tardor-hivern 2024-25 per a renovar el teu armari i actualitzar els teus outfits de la temporada segons el teu estil. Colors tend\u00e8ncia tardor\u2013hivern 2024-25 Els colors protagonistes segons WSGN\u00a0i\u00a0Coloro\u00a0que arriben per a revolucionar el teu armari i aportar aire fresc als teus\u00a0outfits\u00a0de la [&hellip;]<\/p>\n","protected":false},"author":6,"featured_media":19028,"comment_status":"closed","ping_status":"closed","sticky":false,"template":"","format":"standard","meta":{"footnotes":""},"categories":[1,1588],"tags":[1572,2017,2004,2016,1665,2006,2007,1722,1715,2008,2063,2064,1741],"class_list":["post-19055","post","type-post","status-publish","format-standard","has-post-thumbnail","hentry","category-general","category-moda-tendencies","tag-estil-2","tag-estilo-ca-2","tag-imagenpersonal-ca-2","tag-imagenprofesional-ca-2","tag-imatgepersonal","tag-imatgeprofessional","tag-laimagencomunica-ca-2","tag-laimatgecomunica","tag-lideralatevaimatge","tag-lideratuimagen-ca-2","tag-tendenciasman-aw24-25-ca","tag-tendenciesman-aw24-25","tag-style-ca"],"yoast_head":"<!-- This site is optimized with the Yoast SEO plugin v27.5 - https:\/\/yoast.com\/product\/yoast-seo-wordpress\/ -->\n<title>Tend\u00e8ncies Man: Qu\u00e8 es portar\u00e0 aquesta Tardor-Hivern 2024-25? - Consol Vilar<\/title>\n<meta name=\"description\" content=\"El oto\u00f1o se avecina y, con \u00e9l, llegan las ganas de descubrir o entender los colores y tendencias man clave de este oto\u00f1o-invierno 2024-25.\" \/>\n<meta name=\"robots\" content=\"index, follow, max-snippet:-1, max-image-preview:large, max-video-preview:-1\" \/>\n<link rel=\"canonical\" href=\"https:\/\/consolvilar.com\/ca\/tendencies-man-que-es-portara-aquesta-tardor-hivern-2024-25\/\" \/>\n<meta property=\"og:locale\" content=\"ca_ES\" \/>\n<meta property=\"og:type\" content=\"article\" \/>\n<meta property=\"og:title\" content=\"Tend\u00e8ncies Man: Qu\u00e8 es portar\u00e0 aquesta Tardor-Hivern 2024-25? - Consol Vilar\" \/>\n<meta property=\"og:description\" content=\"El oto\u00f1o se avecina y, con \u00e9l, llegan las ganas de descubrir o entender los colores y tendencias man clave de este oto\u00f1o-invierno 2024-25.\" \/>\n<meta property=\"og:url\" content=\"https:\/\/consolvilar.com\/ca\/tendencies-man-que-es-portara-aquesta-tardor-hivern-2024-25\/\" \/>\n<meta property=\"og:site_name\" content=\"Consol Vilar\" \/>\n<meta property=\"article:published_time\" content=\"2024-09-05T12:12:04+00:00\" \/>\n<meta property=\"article:modified_time\" content=\"2024-09-05T14:47:18+00:00\" \/>\n<meta property=\"og:image\" content=\"https:\/\/consolvilar.com\/wp-content\/uploads\/2024\/09\/Estetica-Western-.jpg\" \/>\n\t<meta property=\"og:image:width\" content=\"1928\" \/>\n\t<meta property=\"og:image:height\" content=\"1004\" \/>\n\t<meta property=\"og:image:type\" content=\"image\/jpeg\" \/>\n<meta name=\"author\" content=\"Consol Vilar\" \/>\n<meta name=\"twitter:card\" content=\"summary_large_image\" \/>\n<meta name=\"twitter:label1\" content=\"Escrit per\" \/>\n\t<meta name=\"twitter:data1\" content=\"Consol Vilar\" \/>\n<script type=\"application\/ld+json\" class=\"yoast-schema-graph\">{\"@context\":\"https:\\\/\\\/schema.org\",\"@graph\":[{\"@type\":\"Article\",\"@id\":\"https:\\\/\\\/consolvilar.com\\\/ca\\\/tendencies-man-que-es-portara-aquesta-tardor-hivern-2024-25\\\/#article\",\"isPartOf\":{\"@id\":\"https:\\\/\\\/consolvilar.com\\\/ca\\\/tendencies-man-que-es-portara-aquesta-tardor-hivern-2024-25\\\/\"},\"author\":{\"name\":\"Consol Vilar\",\"@id\":\"https:\\\/\\\/consolvilar.com\\\/ca\\\/#\\\/schema\\\/person\\\/66d7e07457f130ea8e18deec12dbca2e\"},\"headline\":\"Tend\u00e8ncies Man: Qu\u00e8 es portar\u00e0 aquesta Tardor-Hivern 2024-25?\",\"datePublished\":\"2024-09-05T12:12:04+00:00\",\"dateModified\":\"2024-09-05T14:47:18+00:00\",\"mainEntityOfPage\":{\"@id\":\"https:\\\/\\\/consolvilar.com\\\/ca\\\/tendencies-man-que-es-portara-aquesta-tardor-hivern-2024-25\\\/\"},\"wordCount\":1603,\"image\":{\"@id\":\"https:\\\/\\\/consolvilar.com\\\/ca\\\/tendencies-man-que-es-portara-aquesta-tardor-hivern-2024-25\\\/#primaryimage\"},\"thumbnailUrl\":\"https:\\\/\\\/consolvilar.com\\\/wp-content\\\/uploads\\\/2024\\\/09\\\/Estetica-Western-.jpg\",\"keywords\":[\"#estil\",\"#Estilo\",\"#imagenpersonal\",\"#imagenprofesional\",\"#imatgepersonal\",\"#imatgeprofessional\",\"#laimagencomunica\",\"#laimatgecomunica\",\"#lideralatevaimatge\",\"#lideratuimagen\",\"#tendenciasman #AW24-25\",\"#tend\u00e8nciesman #AW24-25\",\"style\"],\"articleSection\":[\"General\",\"Moda &amp; Tend\u00e8ncies\"],\"inLanguage\":\"ca\"},{\"@type\":\"WebPage\",\"@id\":\"https:\\\/\\\/consolvilar.com\\\/ca\\\/tendencies-man-que-es-portara-aquesta-tardor-hivern-2024-25\\\/\",\"url\":\"https:\\\/\\\/consolvilar.com\\\/ca\\\/tendencies-man-que-es-portara-aquesta-tardor-hivern-2024-25\\\/\",\"name\":\"Tend\u00e8ncies Man: Qu\u00e8 es portar\u00e0 aquesta Tardor-Hivern 2024-25? - Consol Vilar\",\"isPartOf\":{\"@id\":\"https:\\\/\\\/consolvilar.com\\\/ca\\\/#website\"},\"primaryImageOfPage\":{\"@id\":\"https:\\\/\\\/consolvilar.com\\\/ca\\\/tendencies-man-que-es-portara-aquesta-tardor-hivern-2024-25\\\/#primaryimage\"},\"image\":{\"@id\":\"https:\\\/\\\/consolvilar.com\\\/ca\\\/tendencies-man-que-es-portara-aquesta-tardor-hivern-2024-25\\\/#primaryimage\"},\"thumbnailUrl\":\"https:\\\/\\\/consolvilar.com\\\/wp-content\\\/uploads\\\/2024\\\/09\\\/Estetica-Western-.jpg\",\"datePublished\":\"2024-09-05T12:12:04+00:00\",\"dateModified\":\"2024-09-05T14:47:18+00:00\",\"author\":{\"@id\":\"https:\\\/\\\/consolvilar.com\\\/ca\\\/#\\\/schema\\\/person\\\/66d7e07457f130ea8e18deec12dbca2e\"},\"description\":\"El oto\u00f1o se avecina y, con \u00e9l, llegan las ganas de descubrir o entender los colores y tendencias man clave de este oto\u00f1o-invierno 2024-25.\",\"breadcrumb\":{\"@id\":\"https:\\\/\\\/consolvilar.com\\\/ca\\\/tendencies-man-que-es-portara-aquesta-tardor-hivern-2024-25\\\/#breadcrumb\"},\"inLanguage\":\"ca\",\"potentialAction\":[{\"@type\":\"ReadAction\",\"target\":[\"https:\\\/\\\/consolvilar.com\\\/ca\\\/tendencies-man-que-es-portara-aquesta-tardor-hivern-2024-25\\\/\"]}]},{\"@type\":\"ImageObject\",\"inLanguage\":\"ca\",\"@id\":\"https:\\\/\\\/consolvilar.com\\\/ca\\\/tendencies-man-que-es-portara-aquesta-tardor-hivern-2024-25\\\/#primaryimage\",\"url\":\"https:\\\/\\\/consolvilar.com\\\/wp-content\\\/uploads\\\/2024\\\/09\\\/Estetica-Western-.jpg\",\"contentUrl\":\"https:\\\/\\\/consolvilar.com\\\/wp-content\\\/uploads\\\/2024\\\/09\\\/Estetica-Western-.jpg\",\"width\":1928,\"height\":1004,\"caption\":\"Screenshot\"},{\"@type\":\"BreadcrumbList\",\"@id\":\"https:\\\/\\\/consolvilar.com\\\/ca\\\/tendencies-man-que-es-portara-aquesta-tardor-hivern-2024-25\\\/#breadcrumb\",\"itemListElement\":[{\"@type\":\"ListItem\",\"position\":1,\"name\":\"Inici\",\"item\":\"https:\\\/\\\/consolvilar.com\\\/ca\\\/\"},{\"@type\":\"ListItem\",\"position\":2,\"name\":\"Tend\u00e8ncies Man: Qu\u00e8 es portar\u00e0 aquesta Tardor-Hivern 2024-25?\"}]},{\"@type\":\"WebSite\",\"@id\":\"https:\\\/\\\/consolvilar.com\\\/ca\\\/#website\",\"url\":\"https:\\\/\\\/consolvilar.com\\\/ca\\\/\",\"name\":\"Consol Vilar\",\"description\":\"Imagen personal y profesional\",\"potentialAction\":[{\"@type\":\"SearchAction\",\"target\":{\"@type\":\"EntryPoint\",\"urlTemplate\":\"https:\\\/\\\/consolvilar.com\\\/ca\\\/?s={search_term_string}\"},\"query-input\":{\"@type\":\"PropertyValueSpecification\",\"valueRequired\":true,\"valueName\":\"search_term_string\"}}],\"inLanguage\":\"ca\"},{\"@type\":\"Person\",\"@id\":\"https:\\\/\\\/consolvilar.com\\\/ca\\\/#\\\/schema\\\/person\\\/66d7e07457f130ea8e18deec12dbca2e\",\"name\":\"Consol Vilar\",\"url\":\"https:\\\/\\\/consolvilar.com\\\/ca\\\/author\\\/consol\\\/\"}]}<\/script>\n<!-- \/ Yoast SEO plugin. -->","yoast_head_json":{"title":"Tend\u00e8ncies Man: Qu\u00e8 es portar\u00e0 aquesta Tardor-Hivern 2024-25? - Consol Vilar","description":"El oto\u00f1o se avecina y, con \u00e9l, llegan las ganas de descubrir o entender los colores y tendencias man clave de este oto\u00f1o-invierno 2024-25.","robots":{"index":"index","follow":"follow","max-snippet":"max-snippet:-1","max-image-preview":"max-image-preview:large","max-video-preview":"max-video-preview:-1"},"canonical":"https:\/\/consolvilar.com\/ca\/tendencies-man-que-es-portara-aquesta-tardor-hivern-2024-25\/","og_locale":"ca_ES","og_type":"article","og_title":"Tend\u00e8ncies Man: Qu\u00e8 es portar\u00e0 aquesta Tardor-Hivern 2024-25? - Consol Vilar","og_description":"El oto\u00f1o se avecina y, con \u00e9l, llegan las ganas de descubrir o entender los colores y tendencias man clave de este oto\u00f1o-invierno 2024-25.","og_url":"https:\/\/consolvilar.com\/ca\/tendencies-man-que-es-portara-aquesta-tardor-hivern-2024-25\/","og_site_name":"Consol Vilar","article_published_time":"2024-09-05T12:12:04+00:00","article_modified_time":"2024-09-05T14:47:18+00:00","og_image":[{"width":1928,"height":1004,"url":"https:\/\/consolvilar.com\/wp-content\/uploads\/2024\/09\/Estetica-Western-.jpg","type":"image\/jpeg"}],"author":"Consol Vilar","twitter_card":"summary_large_image","twitter_misc":{"Escrit per":"Consol Vilar"},"schema":{"@context":"https:\/\/schema.org","@graph":[{"@type":"Article","@id":"https:\/\/consolvilar.com\/ca\/tendencies-man-que-es-portara-aquesta-tardor-hivern-2024-25\/#article","isPartOf":{"@id":"https:\/\/consolvilar.com\/ca\/tendencies-man-que-es-portara-aquesta-tardor-hivern-2024-25\/"},"author":{"name":"Consol Vilar","@id":"https:\/\/consolvilar.com\/ca\/#\/schema\/person\/66d7e07457f130ea8e18deec12dbca2e"},"headline":"Tend\u00e8ncies Man: Qu\u00e8 es portar\u00e0 aquesta Tardor-Hivern 2024-25?","datePublished":"2024-09-05T12:12:04+00:00","dateModified":"2024-09-05T14:47:18+00:00","mainEntityOfPage":{"@id":"https:\/\/consolvilar.com\/ca\/tendencies-man-que-es-portara-aquesta-tardor-hivern-2024-25\/"},"wordCount":1603,"image":{"@id":"https:\/\/consolvilar.com\/ca\/tendencies-man-que-es-portara-aquesta-tardor-hivern-2024-25\/#primaryimage"},"thumbnailUrl":"https:\/\/consolvilar.com\/wp-content\/uploads\/2024\/09\/Estetica-Western-.jpg","keywords":["#estil","#Estilo","#imagenpersonal","#imagenprofesional","#imatgepersonal","#imatgeprofessional","#laimagencomunica","#laimatgecomunica","#lideralatevaimatge","#lideratuimagen","#tendenciasman #AW24-25","#tend\u00e8nciesman #AW24-25","style"],"articleSection":["General","Moda &amp; Tend\u00e8ncies"],"inLanguage":"ca"},{"@type":"WebPage","@id":"https:\/\/consolvilar.com\/ca\/tendencies-man-que-es-portara-aquesta-tardor-hivern-2024-25\/","url":"https:\/\/consolvilar.com\/ca\/tendencies-man-que-es-portara-aquesta-tardor-hivern-2024-25\/","name":"Tend\u00e8ncies Man: Qu\u00e8 es portar\u00e0 aquesta Tardor-Hivern 2024-25? - Consol Vilar","isPartOf":{"@id":"https:\/\/consolvilar.com\/ca\/#website"},"primaryImageOfPage":{"@id":"https:\/\/consolvilar.com\/ca\/tendencies-man-que-es-portara-aquesta-tardor-hivern-2024-25\/#primaryimage"},"image":{"@id":"https:\/\/consolvilar.com\/ca\/tendencies-man-que-es-portara-aquesta-tardor-hivern-2024-25\/#primaryimage"},"thumbnailUrl":"https:\/\/consolvilar.com\/wp-content\/uploads\/2024\/09\/Estetica-Western-.jpg","datePublished":"2024-09-05T12:12:04+00:00","dateModified":"2024-09-05T14:47:18+00:00","author":{"@id":"https:\/\/consolvilar.com\/ca\/#\/schema\/person\/66d7e07457f130ea8e18deec12dbca2e"},"description":"El oto\u00f1o se avecina y, con \u00e9l, llegan las ganas de descubrir o entender los colores y tendencias man clave de este oto\u00f1o-invierno 2024-25.","breadcrumb":{"@id":"https:\/\/consolvilar.com\/ca\/tendencies-man-que-es-portara-aquesta-tardor-hivern-2024-25\/#breadcrumb"},"inLanguage":"ca","potentialAction":[{"@type":"ReadAction","target":["https:\/\/consolvilar.com\/ca\/tendencies-man-que-es-portara-aquesta-tardor-hivern-2024-25\/"]}]},{"@type":"ImageObject","inLanguage":"ca","@id":"https:\/\/consolvilar.com\/ca\/tendencies-man-que-es-portara-aquesta-tardor-hivern-2024-25\/#primaryimage","url":"https:\/\/consolvilar.com\/wp-content\/uploads\/2024\/09\/Estetica-Western-.jpg","contentUrl":"https:\/\/consolvilar.com\/wp-content\/uploads\/2024\/09\/Estetica-Western-.jpg","width":1928,"height":1004,"caption":"Screenshot"},{"@type":"BreadcrumbList","@id":"https:\/\/consolvilar.com\/ca\/tendencies-man-que-es-portara-aquesta-tardor-hivern-2024-25\/#breadcrumb","itemListElement":[{"@type":"ListItem","position":1,"name":"Inici","item":"https:\/\/consolvilar.com\/ca\/"},{"@type":"ListItem","position":2,"name":"Tend\u00e8ncies Man: Qu\u00e8 es portar\u00e0 aquesta Tardor-Hivern 2024-25?"}]},{"@type":"WebSite","@id":"https:\/\/consolvilar.com\/ca\/#website","url":"https:\/\/consolvilar.com\/ca\/","name":"Consol Vilar","description":"Imagen personal y profesional","potentialAction":[{"@type":"SearchAction","target":{"@type":"EntryPoint","urlTemplate":"https:\/\/consolvilar.com\/ca\/?s={search_term_string}"},"query-input":{"@type":"PropertyValueSpecification","valueRequired":true,"valueName":"search_term_string"}}],"inLanguage":"ca"},{"@type":"Person","@id":"https:\/\/consolvilar.com\/ca\/#\/schema\/person\/66d7e07457f130ea8e18deec12dbca2e","name":"Consol Vilar","url":"https:\/\/consolvilar.com\/ca\/author\/consol\/"}]}},"_links":{"self":[{"href":"https:\/\/consolvilar.com\/ca\/wp-json\/wp\/v2\/posts\/19055","targetHints":{"allow":["GET"]}}],"collection":[{"href":"https:\/\/consolvilar.com\/ca\/wp-json\/wp\/v2\/posts"}],"about":[{"href":"https:\/\/consolvilar.com\/ca\/wp-json\/wp\/v2\/types\/post"}],"author":[{"embeddable":true,"href":"https:\/\/consolvilar.com\/ca\/wp-json\/wp\/v2\/users\/6"}],"replies":[{"embeddable":true,"href":"https:\/\/consolvilar.com\/ca\/wp-json\/wp\/v2\/comments?post=19055"}],"version-history":[{"count":6,"href":"https:\/\/consolvilar.com\/ca\/wp-json\/wp\/v2\/posts\/19055\/revisions"}],"predecessor-version":[{"id":19082,"href":"https:\/\/consolvilar.com\/ca\/wp-json\/wp\/v2\/posts\/19055\/revisions\/19082"}],"wp:featuredmedia":[{"embeddable":true,"href":"https:\/\/consolvilar.com\/ca\/wp-json\/wp\/v2\/media\/19028"}],"wp:attachment":[{"href":"https:\/\/consolvilar.com\/ca\/wp-json\/wp\/v2\/media?parent=19055"}],"wp:term":[{"taxonomy":"category","embeddable":true,"href":"https:\/\/consolvilar.com\/ca\/wp-json\/wp\/v2\/categories?post=19055"},{"taxonomy":"post_tag","embeddable":true,"href":"https:\/\/consolvilar.com\/ca\/wp-json\/wp\/v2\/tags?post=19055"}],"curies":[{"name":"wp","href":"https:\/\/api.w.org\/{rel}","templated":true}]}}