{"id":2892,"date":"2015-04-21T11:47:30","date_gmt":"2015-04-21T09:47:30","guid":{"rendered":"http:\/\/www.consolvilar.com\/?p=2892"},"modified":"2024-04-24T14:42:29","modified_gmt":"2024-04-24T12:42:29","slug":"recomanacions-de-llibres-per-sant-jordi","status":"publish","type":"post","link":"https:\/\/consolvilar.com\/ca\/recomanacions-de-llibres-per-sant-jordi\/","title":{"rendered":"Recomanacions de Llibres per Sant Jordi"},"content":{"rendered":"<p class=\"p1\" style=\"text-align: justify;\"><span class=\"s1\">23 d&#8217;abril <strong>Diada de Sant Jordi<\/strong>, un dia emblem\u00e0tic i especial. \u00a0Un dia laboral amb ambient festiu. Propostes culturals, parades de roses i llibres pels carrers de pobles i ciutats de tota Catalunya. Habitual escoltar o llegir propostes de llibres de diferents temes: pol\u00edtica, economia, m\u00e0rqueting, viatges, autoajuda, comunicaci\u00f3, etc. Imatge personal &amp; Comunicaci\u00f3 corporativa Consol Vilar en diferents ocasions, us hem proposat suggeriments de llibres en comunicaci\u00f3 de la imatge personal &amp; professional a trav\u00e9s de: imatge personal, moda, comunicaci\u00f3, marca personal, etc.<\/span><\/p>\n<p class=\"p1\" style=\"text-align: justify;\"><span class=\"s1\">El motiu de la lectura de les <strong>propostes<\/strong> \u00e9s molt variada: recomanacions, regals, inter\u00e8s&#8230; I en aquest post fem una recopilaci\u00f3 de la nostra llibreria professional en imatge personal &amp; professional i la seva comunicaci\u00f3.<\/span><\/p>\n<p class=\"p1\" style=\"text-align: justify;\"><span class=\"s1\"><strong>El llibre vermell de l&#8217;Estil<\/strong>. Brenda Ch\u00e1vez. Parla de l&#8217;estil a trav\u00e9s de diferents dissenyadors de moda a escala nacional i internacional.\u00a0<\/span><\/p>\n<p class=\"p1\"><img loading=\"lazy\" decoding=\"async\" class=\"aligncenter wp-image-2883 size-full\" src=\"http:\/\/www.consolvilar.com\/wp-content\/uploads\/2015\/04\/Unknown1.jpg\" alt=\"Unknown\" width=\"185\" height=\"272\" \/><\/p>\n<p class=\"p1\"><strong>Una guia de la Moda Urbana<\/strong>. Steven Vogel. La moda \u00e9s molt \u00e0mplia. M&#8217;agrado la seva visi\u00f3 i impacte visual.<\/p>\n<p class=\"p1\"><strong><img loading=\"lazy\" decoding=\"async\" class=\"aligncenter wp-image-2878\" src=\"http:\/\/www.consolvilar.com\/wp-content\/uploads\/2015\/04\/9788425221897.jpg\" alt=\"9788425221897\" width=\"155\" height=\"202\" \/><\/strong><\/p>\n<p class=\"p1\"><span class=\"s1\"><strong>Tu Marca Personal.<\/strong> Roberto \u00c1lvarez de Blanco, un dels primers llibres que em vaig llegir a nivell de marca personal. F\u00e0cil, m&#8217;agrado el tracte de marca a trav\u00e9s dels codis de la imatge.<\/span><\/p>\n<p class=\"p1\"><img loading=\"lazy\" decoding=\"async\" class=\"aligncenter wp-image-2881 size-full\" src=\"http:\/\/www.consolvilar.com\/wp-content\/uploads\/2015\/04\/9788483224182.jpg\" alt=\"Maquetaci\u0097n 1\" width=\"143\" height=\"177\" \/><\/p>\n<p class=\"p1\"><span class=\"s1\"><strong>Expertolog\u00eda.<\/strong> \u00c1ndres P\u00e9rez Ortega. Va ser una recomanaci\u00f3, em van deixar el llibre. Des de la seva lectura, el recomano i crec que \u00e9s imprescindible pels qui vol crear marca personal.<\/span><\/p>\n<p class=\"p1\"><img loading=\"lazy\" decoding=\"async\" class=\"aligncenter wp-image-2882 size-full\" src=\"http:\/\/www.consolvilar.com\/wp-content\/uploads\/2015\/04\/expertologia.jpg\" alt=\"expertologia\" width=\"190\" height=\"287\" \/><\/p>\n<p class=\"p1\"><strong>Annoyomics.<\/strong> Risto Mejide. Va ser un regal professional. Diferent&#8230; vaig enganxar-me des del primer moment, i a m\u00e9s vaig riure. Risto gran comunicador.<\/p>\n<p class=\"p1\"><img loading=\"lazy\" decoding=\"async\" class=\"aligncenter wp-image-2884 size-medium\" src=\"http:\/\/www.consolvilar.com\/wp-content\/uploads\/2015\/04\/libro-risto-mejide-annoyomics-182x300.jpg\" alt=\"libro-risto-mejide-annoyomics\" width=\"182\" height=\"300\" \/><\/p>\n<p class=\"p1\"><span class=\"s1\">Nova proposta&#8230;.<strong>No sense la meva barba<\/strong>. Carles Sun\u00e9; Alfonso Casas. Un llibre pr\u00e0ctic per aprendre i treure partit a la pr\u00f2pia barba.<\/span><\/p>\n<p class=\"p1\"><img loading=\"lazy\" decoding=\"async\" class=\"aligncenter wp-image-2885 size-medium\" src=\"http:\/\/www.consolvilar.com\/wp-content\/uploads\/2015\/04\/NSMB_banner-480x600-240x300.gif\" alt=\"NSMB_banner-480x600\" width=\"240\" height=\"300\" \/><\/p>\n<p class=\"p1\">Feli\u00e7 Diada de Sant Jordi<\/p>\n<p class=\"p1\"><img loading=\"lazy\" decoding=\"async\" class=\"aligncenter wp-image-2887 size-large\" src=\"http:\/\/www.consolvilar.com\/wp-content\/uploads\/2015\/04\/Rosa-i-llibre-Sant-Jordi-copia-1030x689.jpg\" alt=\"Rosa-i-llibre-Sant-Jordi-copia\" width=\"1030\" height=\"689\" srcset=\"https:\/\/consolvilar.com\/wp-content\/uploads\/2015\/04\/Rosa-i-llibre-Sant-Jordi-copia-1030x689.jpg 1030w, https:\/\/consolvilar.com\/wp-content\/uploads\/2015\/04\/Rosa-i-llibre-Sant-Jordi-copia-300x201.jpg 300w, https:\/\/consolvilar.com\/wp-content\/uploads\/2015\/04\/Rosa-i-llibre-Sant-Jordi-copia-768x514.jpg 768w, https:\/\/consolvilar.com\/wp-content\/uploads\/2015\/04\/Rosa-i-llibre-Sant-Jordi-copia-705x472.jpg 705w, https:\/\/consolvilar.com\/wp-content\/uploads\/2015\/04\/Rosa-i-llibre-Sant-Jordi-copia.jpg 1500w\" sizes=\"auto, (max-width: 1030px) 100vw, 1030px\" \/><\/p>\n","protected":false},"excerpt":{"rendered":"<p>23 d&#8217;abril Diada de Sant Jordi, un dia emblem\u00e0tic i especial. \u00a0Un dia laboral amb ambient festiu. Propostes culturals, parades de roses i llibres pels carrers de pobles i ciutats de tota Catalunya. Habitual escoltar o llegir propostes de llibres de diferents temes: pol\u00edtica, economia, m\u00e0rqueting, viatges, autoajuda, comunicaci\u00f3, etc. Imatge personal &amp; Comunicaci\u00f3 corporativa [&hellip;]<\/p>\n","protected":false},"author":3,"featured_media":2887,"comment_status":"open","ping_status":"open","sticky":false,"template":"","format":"standard","meta":{"footnotes":""},"categories":[1566],"tags":[1898],"class_list":["post-2892","post","type-post","status-publish","format-standard","has-post-thumbnail","hentry","category-formacion","tag-imatgecorporativa-santjordi-llibres-roses-cultura"],"yoast_head":"<!-- This site is optimized with the Yoast SEO plugin v27.5 - https:\/\/yoast.com\/product\/yoast-seo-wordpress\/ -->\n<title>Recomanacions de Llibres per Sant Jordi - Consol Vilar<\/title>\n<meta name=\"robots\" content=\"index, follow, max-snippet:-1, max-image-preview:large, max-video-preview:-1\" \/>\n<link rel=\"canonical\" href=\"https:\/\/consolvilar.com\/ca\/recomanacions-de-llibres-per-sant-jordi\/\" \/>\n<meta property=\"og:locale\" content=\"ca_ES\" \/>\n<meta property=\"og:type\" content=\"article\" \/>\n<meta property=\"og:title\" content=\"Recomanacions de Llibres per Sant Jordi - Consol Vilar\" \/>\n<meta property=\"og:description\" content=\"23 d&#8217;abril Diada de Sant Jordi, un dia emblem\u00e0tic i especial. \u00a0Un dia laboral amb ambient festiu. Propostes culturals, parades de roses i llibres pels carrers de pobles i ciutats de tota Catalunya. Habitual escoltar o llegir propostes de llibres de diferents temes: pol\u00edtica, economia, m\u00e0rqueting, viatges, autoajuda, comunicaci\u00f3, etc. Imatge personal &amp; Comunicaci\u00f3 corporativa [&hellip;]\" \/>\n<meta property=\"og:url\" content=\"https:\/\/consolvilar.com\/ca\/recomanacions-de-llibres-per-sant-jordi\/\" \/>\n<meta property=\"og:site_name\" content=\"Consol Vilar\" \/>\n<meta property=\"article:published_time\" content=\"2015-04-21T09:47:30+00:00\" \/>\n<meta property=\"article:modified_time\" content=\"2024-04-24T12:42:29+00:00\" \/>\n<meta property=\"og:image\" content=\"https:\/\/consolvilar.com\/wp-content\/uploads\/2015\/04\/Rosa-i-llibre-Sant-Jordi-copia.jpg\" \/>\n\t<meta property=\"og:image:width\" content=\"1500\" \/>\n\t<meta property=\"og:image:height\" content=\"1004\" \/>\n\t<meta property=\"og:image:type\" content=\"image\/jpeg\" \/>\n<meta name=\"author\" content=\"Ergates Tecnologia SL\" \/>\n<meta name=\"twitter:card\" content=\"summary_large_image\" \/>\n<meta name=\"twitter:label1\" content=\"Escrit per\" \/>\n\t<meta name=\"twitter:data1\" content=\"Ergates Tecnologia SL\" \/>\n\t<meta name=\"twitter:label2\" content=\"Temps estimat de lectura\" \/>\n\t<meta name=\"twitter:data2\" content=\"1 minut\" \/>\n<script type=\"application\/ld+json\" class=\"yoast-schema-graph\">{\"@context\":\"https:\\\/\\\/schema.org\",\"@graph\":[{\"@type\":\"Article\",\"@id\":\"https:\\\/\\\/consolvilar.com\\\/ca\\\/recomanacions-de-llibres-per-sant-jordi\\\/#article\",\"isPartOf\":{\"@id\":\"https:\\\/\\\/consolvilar.com\\\/ca\\\/recomanacions-de-llibres-per-sant-jordi\\\/\"},\"author\":{\"name\":\"Ergates Tecnologia SL\",\"@id\":\"https:\\\/\\\/consolvilar.com\\\/ca\\\/#\\\/schema\\\/person\\\/4cceb056bd830c1609de48e671ef6b3f\"},\"headline\":\"Recomanacions de Llibres per Sant Jordi\",\"datePublished\":\"2015-04-21T09:47:30+00:00\",\"dateModified\":\"2024-04-24T12:42:29+00:00\",\"mainEntityOfPage\":{\"@id\":\"https:\\\/\\\/consolvilar.com\\\/ca\\\/recomanacions-de-llibres-per-sant-jordi\\\/\"},\"wordCount\":300,\"commentCount\":0,\"image\":{\"@id\":\"https:\\\/\\\/consolvilar.com\\\/ca\\\/recomanacions-de-llibres-per-sant-jordi\\\/#primaryimage\"},\"thumbnailUrl\":\"https:\\\/\\\/consolvilar.com\\\/wp-content\\\/uploads\\\/2015\\\/04\\\/Rosa-i-llibre-Sant-Jordi-copia.jpg\",\"keywords\":[\"#imatgecorporativa #santjordi #llibres #roses #cultura\"],\"articleSection\":[\"Formaci\u00f3n\"],\"inLanguage\":\"ca\",\"potentialAction\":[{\"@type\":\"CommentAction\",\"name\":\"Comment\",\"target\":[\"https:\\\/\\\/consolvilar.com\\\/ca\\\/recomanacions-de-llibres-per-sant-jordi\\\/#respond\"]}]},{\"@type\":\"WebPage\",\"@id\":\"https:\\\/\\\/consolvilar.com\\\/ca\\\/recomanacions-de-llibres-per-sant-jordi\\\/\",\"url\":\"https:\\\/\\\/consolvilar.com\\\/ca\\\/recomanacions-de-llibres-per-sant-jordi\\\/\",\"name\":\"Recomanacions de Llibres per Sant Jordi - Consol Vilar\",\"isPartOf\":{\"@id\":\"https:\\\/\\\/consolvilar.com\\\/ca\\\/#website\"},\"primaryImageOfPage\":{\"@id\":\"https:\\\/\\\/consolvilar.com\\\/ca\\\/recomanacions-de-llibres-per-sant-jordi\\\/#primaryimage\"},\"image\":{\"@id\":\"https:\\\/\\\/consolvilar.com\\\/ca\\\/recomanacions-de-llibres-per-sant-jordi\\\/#primaryimage\"},\"thumbnailUrl\":\"https:\\\/\\\/consolvilar.com\\\/wp-content\\\/uploads\\\/2015\\\/04\\\/Rosa-i-llibre-Sant-Jordi-copia.jpg\",\"datePublished\":\"2015-04-21T09:47:30+00:00\",\"dateModified\":\"2024-04-24T12:42:29+00:00\",\"author\":{\"@id\":\"https:\\\/\\\/consolvilar.com\\\/ca\\\/#\\\/schema\\\/person\\\/4cceb056bd830c1609de48e671ef6b3f\"},\"breadcrumb\":{\"@id\":\"https:\\\/\\\/consolvilar.com\\\/ca\\\/recomanacions-de-llibres-per-sant-jordi\\\/#breadcrumb\"},\"inLanguage\":\"ca\",\"potentialAction\":[{\"@type\":\"ReadAction\",\"target\":[\"https:\\\/\\\/consolvilar.com\\\/ca\\\/recomanacions-de-llibres-per-sant-jordi\\\/\"]}]},{\"@type\":\"ImageObject\",\"inLanguage\":\"ca\",\"@id\":\"https:\\\/\\\/consolvilar.com\\\/ca\\\/recomanacions-de-llibres-per-sant-jordi\\\/#primaryimage\",\"url\":\"https:\\\/\\\/consolvilar.com\\\/wp-content\\\/uploads\\\/2015\\\/04\\\/Rosa-i-llibre-Sant-Jordi-copia.jpg\",\"contentUrl\":\"https:\\\/\\\/consolvilar.com\\\/wp-content\\\/uploads\\\/2015\\\/04\\\/Rosa-i-llibre-Sant-Jordi-copia.jpg\",\"width\":1500,\"height\":1004},{\"@type\":\"BreadcrumbList\",\"@id\":\"https:\\\/\\\/consolvilar.com\\\/ca\\\/recomanacions-de-llibres-per-sant-jordi\\\/#breadcrumb\",\"itemListElement\":[{\"@type\":\"ListItem\",\"position\":1,\"name\":\"Inici\",\"item\":\"https:\\\/\\\/consolvilar.com\\\/ca\\\/\"},{\"@type\":\"ListItem\",\"position\":2,\"name\":\"Recomanacions de Llibres per Sant Jordi\"}]},{\"@type\":\"WebSite\",\"@id\":\"https:\\\/\\\/consolvilar.com\\\/ca\\\/#website\",\"url\":\"https:\\\/\\\/consolvilar.com\\\/ca\\\/\",\"name\":\"Consol Vilar\",\"description\":\"Imagen personal y profesional\",\"potentialAction\":[{\"@type\":\"SearchAction\",\"target\":{\"@type\":\"EntryPoint\",\"urlTemplate\":\"https:\\\/\\\/consolvilar.com\\\/ca\\\/?s={search_term_string}\"},\"query-input\":{\"@type\":\"PropertyValueSpecification\",\"valueRequired\":true,\"valueName\":\"search_term_string\"}}],\"inLanguage\":\"ca\"},{\"@type\":\"Person\",\"@id\":\"https:\\\/\\\/consolvilar.com\\\/ca\\\/#\\\/schema\\\/person\\\/4cceb056bd830c1609de48e671ef6b3f\",\"name\":\"Ergates Tecnologia SL\",\"sameAs\":[\"http:\\\/\\\/www.ergates.net\"],\"url\":\"https:\\\/\\\/consolvilar.com\\\/ca\\\/author\\\/ergates\\\/\"}]}<\/script>\n<!-- \/ Yoast SEO plugin. -->","yoast_head_json":{"title":"Recomanacions de Llibres per Sant Jordi - Consol Vilar","robots":{"index":"index","follow":"follow","max-snippet":"max-snippet:-1","max-image-preview":"max-image-preview:large","max-video-preview":"max-video-preview:-1"},"canonical":"https:\/\/consolvilar.com\/ca\/recomanacions-de-llibres-per-sant-jordi\/","og_locale":"ca_ES","og_type":"article","og_title":"Recomanacions de Llibres per Sant Jordi - Consol Vilar","og_description":"23 d&#8217;abril Diada de Sant Jordi, un dia emblem\u00e0tic i especial. \u00a0Un dia laboral amb ambient festiu. Propostes culturals, parades de roses i llibres pels carrers de pobles i ciutats de tota Catalunya. Habitual escoltar o llegir propostes de llibres de diferents temes: pol\u00edtica, economia, m\u00e0rqueting, viatges, autoajuda, comunicaci\u00f3, etc. Imatge personal &amp; Comunicaci\u00f3 corporativa [&hellip;]","og_url":"https:\/\/consolvilar.com\/ca\/recomanacions-de-llibres-per-sant-jordi\/","og_site_name":"Consol Vilar","article_published_time":"2015-04-21T09:47:30+00:00","article_modified_time":"2024-04-24T12:42:29+00:00","og_image":[{"width":1500,"height":1004,"url":"https:\/\/consolvilar.com\/wp-content\/uploads\/2015\/04\/Rosa-i-llibre-Sant-Jordi-copia.jpg","type":"image\/jpeg"}],"author":"Ergates Tecnologia SL","twitter_card":"summary_large_image","twitter_misc":{"Escrit per":"Ergates Tecnologia SL","Temps estimat de lectura":"1 minut"},"schema":{"@context":"https:\/\/schema.org","@graph":[{"@type":"Article","@id":"https:\/\/consolvilar.com\/ca\/recomanacions-de-llibres-per-sant-jordi\/#article","isPartOf":{"@id":"https:\/\/consolvilar.com\/ca\/recomanacions-de-llibres-per-sant-jordi\/"},"author":{"name":"Ergates Tecnologia SL","@id":"https:\/\/consolvilar.com\/ca\/#\/schema\/person\/4cceb056bd830c1609de48e671ef6b3f"},"headline":"Recomanacions de Llibres per Sant Jordi","datePublished":"2015-04-21T09:47:30+00:00","dateModified":"2024-04-24T12:42:29+00:00","mainEntityOfPage":{"@id":"https:\/\/consolvilar.com\/ca\/recomanacions-de-llibres-per-sant-jordi\/"},"wordCount":300,"commentCount":0,"image":{"@id":"https:\/\/consolvilar.com\/ca\/recomanacions-de-llibres-per-sant-jordi\/#primaryimage"},"thumbnailUrl":"https:\/\/consolvilar.com\/wp-content\/uploads\/2015\/04\/Rosa-i-llibre-Sant-Jordi-copia.jpg","keywords":["#imatgecorporativa #santjordi #llibres #roses #cultura"],"articleSection":["Formaci\u00f3n"],"inLanguage":"ca","potentialAction":[{"@type":"CommentAction","name":"Comment","target":["https:\/\/consolvilar.com\/ca\/recomanacions-de-llibres-per-sant-jordi\/#respond"]}]},{"@type":"WebPage","@id":"https:\/\/consolvilar.com\/ca\/recomanacions-de-llibres-per-sant-jordi\/","url":"https:\/\/consolvilar.com\/ca\/recomanacions-de-llibres-per-sant-jordi\/","name":"Recomanacions de Llibres per Sant Jordi - Consol Vilar","isPartOf":{"@id":"https:\/\/consolvilar.com\/ca\/#website"},"primaryImageOfPage":{"@id":"https:\/\/consolvilar.com\/ca\/recomanacions-de-llibres-per-sant-jordi\/#primaryimage"},"image":{"@id":"https:\/\/consolvilar.com\/ca\/recomanacions-de-llibres-per-sant-jordi\/#primaryimage"},"thumbnailUrl":"https:\/\/consolvilar.com\/wp-content\/uploads\/2015\/04\/Rosa-i-llibre-Sant-Jordi-copia.jpg","datePublished":"2015-04-21T09:47:30+00:00","dateModified":"2024-04-24T12:42:29+00:00","author":{"@id":"https:\/\/consolvilar.com\/ca\/#\/schema\/person\/4cceb056bd830c1609de48e671ef6b3f"},"breadcrumb":{"@id":"https:\/\/consolvilar.com\/ca\/recomanacions-de-llibres-per-sant-jordi\/#breadcrumb"},"inLanguage":"ca","potentialAction":[{"@type":"ReadAction","target":["https:\/\/consolvilar.com\/ca\/recomanacions-de-llibres-per-sant-jordi\/"]}]},{"@type":"ImageObject","inLanguage":"ca","@id":"https:\/\/consolvilar.com\/ca\/recomanacions-de-llibres-per-sant-jordi\/#primaryimage","url":"https:\/\/consolvilar.com\/wp-content\/uploads\/2015\/04\/Rosa-i-llibre-Sant-Jordi-copia.jpg","contentUrl":"https:\/\/consolvilar.com\/wp-content\/uploads\/2015\/04\/Rosa-i-llibre-Sant-Jordi-copia.jpg","width":1500,"height":1004},{"@type":"BreadcrumbList","@id":"https:\/\/consolvilar.com\/ca\/recomanacions-de-llibres-per-sant-jordi\/#breadcrumb","itemListElement":[{"@type":"ListItem","position":1,"name":"Inici","item":"https:\/\/consolvilar.com\/ca\/"},{"@type":"ListItem","position":2,"name":"Recomanacions de Llibres per Sant Jordi"}]},{"@type":"WebSite","@id":"https:\/\/consolvilar.com\/ca\/#website","url":"https:\/\/consolvilar.com\/ca\/","name":"Consol Vilar","description":"Imagen personal y profesional","potentialAction":[{"@type":"SearchAction","target":{"@type":"EntryPoint","urlTemplate":"https:\/\/consolvilar.com\/ca\/?s={search_term_string}"},"query-input":{"@type":"PropertyValueSpecification","valueRequired":true,"valueName":"search_term_string"}}],"inLanguage":"ca"},{"@type":"Person","@id":"https:\/\/consolvilar.com\/ca\/#\/schema\/person\/4cceb056bd830c1609de48e671ef6b3f","name":"Ergates Tecnologia SL","sameAs":["http:\/\/www.ergates.net"],"url":"https:\/\/consolvilar.com\/ca\/author\/ergates\/"}]}},"_links":{"self":[{"href":"https:\/\/consolvilar.com\/ca\/wp-json\/wp\/v2\/posts\/2892","targetHints":{"allow":["GET"]}}],"collection":[{"href":"https:\/\/consolvilar.com\/ca\/wp-json\/wp\/v2\/posts"}],"about":[{"href":"https:\/\/consolvilar.com\/ca\/wp-json\/wp\/v2\/types\/post"}],"author":[{"embeddable":true,"href":"https:\/\/consolvilar.com\/ca\/wp-json\/wp\/v2\/users\/3"}],"replies":[{"embeddable":true,"href":"https:\/\/consolvilar.com\/ca\/wp-json\/wp\/v2\/comments?post=2892"}],"version-history":[{"count":1,"href":"https:\/\/consolvilar.com\/ca\/wp-json\/wp\/v2\/posts\/2892\/revisions"}],"predecessor-version":[{"id":17717,"href":"https:\/\/consolvilar.com\/ca\/wp-json\/wp\/v2\/posts\/2892\/revisions\/17717"}],"wp:featuredmedia":[{"embeddable":true,"href":"https:\/\/consolvilar.com\/ca\/wp-json\/wp\/v2\/media\/2887"}],"wp:attachment":[{"href":"https:\/\/consolvilar.com\/ca\/wp-json\/wp\/v2\/media?parent=2892"}],"wp:term":[{"taxonomy":"category","embeddable":true,"href":"https:\/\/consolvilar.com\/ca\/wp-json\/wp\/v2\/categories?post=2892"},{"taxonomy":"post_tag","embeddable":true,"href":"https:\/\/consolvilar.com\/ca\/wp-json\/wp\/v2\/tags?post=2892"}],"curies":[{"name":"wp","href":"https:\/\/api.w.org\/{rel}","templated":true}]}}